{"id":2697,"date":"2025-11-04T06:29:14","date_gmt":"2025-11-04T06:29:14","guid":{"rendered":"https:\/\/saknews.net\/ku\/?p=2697"},"modified":"2025-11-04T06:29:14","modified_gmt":"2025-11-04T06:29:14","slug":"bersiva-li-ser-daxuyaniyen-revebere-karubaren-siyasi-ye-reveberiya-herema-efrine-mihemed-senkeri","status":"publish","type":"post","link":"https:\/\/saknews.net\/ku\/?p=2697","title":{"rendered":"Bersiva li ser Daxuyaniy\u00ean R\u00eaveber\u00ea Kar\u00fbbar\u00ean Siyas\u00ee y\u00ea R\u00eaveberiya Her\u00eama Efr\u00een\u00ea \u2013 Mihemed Senker\u00ee"},"content":{"rendered":"<p>\u200bDi hevpeyv\u00eeneke telev\u00eezyon\u00ee ya bi kanala R\u00fbdaw re ku di  03.11.2025an de hat we\u015fandin, bir\u00eaz Mihemed Senker\u00ee, R\u00eaveber\u00ea Kar\u00fbbar\u00ean Siyas\u00ee y\u00ea R\u00eaveberiya Her\u00eama Efr\u00een\u00ea, ziman\u00ea Kurd\u00ee wek\u00ee &#8220;zimanek\u00ee biyan\u00ee&#8221; binav kir, m\u00eena Tirk\u00ee, Frens\u00ee, an \u00cengil\u00eez\u00ee.<\/p>\n<p>\u200bBer\u00ea Kurdistana S\u00fbriy\u00ea v\u00ea daxuyaniy\u00ea \u015fermezar dike \u00fb w\u00ea wek\u00ee heqaretek li gel\u00ea Kurd \u00fb tinekirina d\u00eeroka w\u00ee ya kevnar dib\u00eene, \u00fb zirar\u00ea dide jiyana hevbe\u015f \u00fb a\u015ftiya civak\u00ee.<\/p>\n<p>Binavkirina ziman\u00ea Kurd\u00ee wek\u00ee zimanek\u00ee biyan\u00ee ji aliy\u00ea berpirs\u00ean desthilat\u00ea ve li her\u00eameke Kurd\u00ee m\u00eena Efr\u00een\u00ea, tinekirina nasnameya w\u00ea ya d\u00eerok\u00ee n\u00ee\u015fan dide. Ma ev kes qeb\u00fbl dikin ku ereb\u00ee li D\u00eara Zor \u00fb Reqay\u00ea wek\u00ee zimanek\u00ee biyan\u00ee b\u00ea naskirin? Ziman\u00ea Kurd\u00ee li Efr\u00een\u00ea \u00fb hem\u00fb Kurdistana S\u00fbriy\u00ea be\u015fek\u00ee bingeh\u00een ji nasnameya ax\u00ea ye, \u00e7awa ku Ereb\u00ee li her\u00eam\u00ean xwe ye.<\/p>\n<p>\u200bBer\u00ea Kurdistana S\u00fbriy\u00ea tekez dike, ku ji bir\u00eaz Senker\u00ee t\u00ea xwestin bi ferm\u00ee daxwaza l\u00eabor\u00een\u00ea li ser daxuyaniya xwe  bike, \u00fb p\u00eaw\u00eest e ku ew ji posta xwe b\u00ea d\u00fbrxistin \u00fb kesek ji d\u00ealva w\u00ee ji xelk\u00ea her\u00eam\u00ea b\u00ea hilbijartin.  Eger bir\u00eaz Senker\u00ee Kurd\u00ee wek zimanek\u00ee biyan\u00ee dib\u00eene, w\u00ea dem\u00ea Ereb\u00ee j\u00ee \u2013 ji aliy\u00ea Kurdan ve \u2013 wek\u00ee wisa t\u00ea hesibandin.<\/p>\n<p>\u200bBer\u00ea Kurdistana S\u00fbriy\u00ea tekez dike, ku daxuyaniy\u00ean bi v\u00ee reng\u00ee ji berpirs\u00ean hik\u00fbm\u00ee ne cara yekem in, belk\u00ee li ser piraniya daxuyaniy\u00ean derbar\u00ea doza Kurd\u00ee de serdest b\u00fbne, \u00fb hem\u00fb j\u00ee di \u00e7ar\u00e7oveya tinekirina heb\u00fbna gel\u00ea Kurd \u00fb maf\u00ean w\u00ee de ne, ev j\u00ee hewce dike ku Tevgera Kurd\u00ee bi hem\u00fb partiy\u00ean xwe li alternat\u00eefeke guncaw bigere, eger desthilat di siyaset\u00ean xwe y\u00ean li hember Kurdan de berdewam bike \u00fb maf\u00ean gel\u00ea Kurdistana S\u00fbriy\u00ea li gor Yasaya Navdewlet\u00ee \u00fb Peymana Netewey\u00ean Yekb\u00fby\u00ee, red bike.<\/p>\n<p>\u200bBer\u00ea Kurdistana S\u00fbriy\u00ea<\/p>\n<p>\u200b04 \/ 11 \/ 2025<\/p>\n","protected":false},"excerpt":{"rendered":"<p>\u200bDi hevpeyv\u00eeneke telev\u00eezyon\u00ee ya bi kanala R\u00fbdaw re ku di 03.11.2025an de hat we\u015fandin, bir\u00eaz&#8230;<\/p>\n","protected":false},"author":8,"featured_media":2698,"comment_status":"closed","ping_status":"closed","sticky":false,"template":"","format":"standard","meta":{"footnotes":""},"categories":[34],"tags":[],"class_list":["post-2697","post","type-post","status-publish","format-standard","has-post-thumbnail","hentry","category-daxuyani"],"yoast_head":"<!-- This site is optimized with the Yoast SEO plugin v27.5 - https:\/\/yoast.com\/product\/yoast-seo-wordpress\/ -->\n<title>Bersiva li ser Daxuyaniy\u00ean R\u00eaveber\u00ea Kar\u00fbbar\u00ean Siyas\u00ee y\u00ea R\u00eaveberiya Her\u00eama Efr\u00een\u00ea \u2013 Mihemed Senker\u00ee &#8226; \u015eAK<\/title>\n<meta name=\"robots\" content=\"index, follow, max-snippet:-1, max-image-preview:large, max-video-preview:-1\" \/>\n<link rel=\"canonical\" href=\"https:\/\/saknews.net\/ku\/?p=2697\" \/>\n<meta property=\"og:locale\" content=\"en_US\" \/>\n<meta property=\"og:type\" content=\"article\" \/>\n<meta property=\"og:title\" content=\"Bersiva li ser Daxuyaniy\u00ean R\u00eaveber\u00ea Kar\u00fbbar\u00ean Siyas\u00ee y\u00ea R\u00eaveberiya Her\u00eama Efr\u00een\u00ea \u2013 Mihemed Senker\u00ee &#8226; \u015eAK\" \/>\n<meta property=\"og:description\" content=\"\u200bDi hevpeyv\u00eeneke telev\u00eezyon\u00ee ya bi kanala R\u00fbdaw re ku di 03.11.2025an de hat we\u015fandin, bir\u00eaz...\" \/>\n<meta property=\"og:url\" content=\"https:\/\/saknews.net\/ku\/?p=2697\" \/>\n<meta property=\"og:site_name\" content=\"\u015eAK\" \/>\n<meta property=\"article:publisher\" content=\"https:\/\/www.facebook.com\/Shepel.ewropa\" \/>\n<meta property=\"article:published_time\" content=\"2025-11-04T06:29:14+00:00\" \/>\n<meta property=\"og:image\" content=\"https:\/\/saknews.net\/ku\/wp-content\/uploads\/2025\/11\/\u0627\u0644\u0643\u0648\u0631\u062f\u064a\u0629-\u0644\u063a\u0629-\u0623\u062c\u0646\u0628\u064a\u0629_20251103_203232_0000.jpg\" \/>\n\t<meta property=\"og:image:width\" content=\"1280\" \/>\n\t<meta property=\"og:image:height\" content=\"720\" \/>\n\t<meta property=\"og:image:type\" content=\"image\/jpeg\" \/>\n<meta name=\"author\" content=\"Horan Hem\" \/>\n<meta name=\"twitter:card\" content=\"summary_large_image\" \/>\n<meta name=\"twitter:label1\" content=\"Written by\" \/>\n\t<meta name=\"twitter:data1\" content=\"Horan Hem\" \/>\n\t<meta name=\"twitter:label2\" content=\"Est. reading time\" \/>\n\t<meta name=\"twitter:data2\" content=\"1 minute\" \/>\n<script type=\"application\/ld+json\" class=\"yoast-schema-graph\">{\"@context\":\"https:\\\/\\\/schema.org\",\"@graph\":[{\"@type\":\"Article\",\"@id\":\"https:\\\/\\\/saknews.net\\\/ku\\\/?p=2697#article\",\"isPartOf\":{\"@id\":\"https:\\\/\\\/saknews.net\\\/ku\\\/?p=2697\"},\"author\":{\"name\":\"Horan Hem\",\"@id\":\"https:\\\/\\\/saknews.net\\\/ku\\\/#\\\/schema\\\/person\\\/72ae32a4041a3817e015b63d8f409058\"},\"headline\":\"Bersiva li ser Daxuyaniy\u00ean R\u00eaveber\u00ea Kar\u00fbbar\u00ean Siyas\u00ee y\u00ea R\u00eaveberiya Her\u00eama Efr\u00een\u00ea \u2013 Mihemed Senker\u00ee\",\"datePublished\":\"2025-11-04T06:29:14+00:00\",\"mainEntityOfPage\":{\"@id\":\"https:\\\/\\\/saknews.net\\\/ku\\\/?p=2697\"},\"wordCount\":341,\"publisher\":{\"@id\":\"https:\\\/\\\/saknews.net\\\/ku\\\/#organization\"},\"image\":{\"@id\":\"https:\\\/\\\/saknews.net\\\/ku\\\/?p=2697#primaryimage\"},\"thumbnailUrl\":\"https:\\\/\\\/i0.wp.com\\\/saknews.net\\\/ku\\\/wp-content\\\/uploads\\\/2025\\\/11\\\/%D8%A7%D9%84%D9%83%D9%88%D8%B1%D8%AF%D9%8A%D8%A9-%D9%84%D8%BA%D8%A9-%D8%A3%D8%AC%D9%86%D8%A8%D9%8A%D8%A9_20251103_203232_0000.jpg?fit=1280%2C720&ssl=1\",\"articleSection\":[\"Daxuyan\u00ee\"],\"inLanguage\":\"en-US\"},{\"@type\":\"WebPage\",\"@id\":\"https:\\\/\\\/saknews.net\\\/ku\\\/?p=2697\",\"url\":\"https:\\\/\\\/saknews.net\\\/ku\\\/?p=2697\",\"name\":\"Bersiva li ser Daxuyaniy\u00ean R\u00eaveber\u00ea Kar\u00fbbar\u00ean Siyas\u00ee y\u00ea R\u00eaveberiya Her\u00eama Efr\u00een\u00ea \u2013 Mihemed Senker\u00ee &#8226; \u015eAK\",\"isPartOf\":{\"@id\":\"https:\\\/\\\/saknews.net\\\/ku\\\/#website\"},\"primaryImageOfPage\":{\"@id\":\"https:\\\/\\\/saknews.net\\\/ku\\\/?p=2697#primaryimage\"},\"image\":{\"@id\":\"https:\\\/\\\/saknews.net\\\/ku\\\/?p=2697#primaryimage\"},\"thumbnailUrl\":\"https:\\\/\\\/i0.wp.com\\\/saknews.net\\\/ku\\\/wp-content\\\/uploads\\\/2025\\\/11\\\/%D8%A7%D9%84%D9%83%D9%88%D8%B1%D8%AF%D9%8A%D8%A9-%D9%84%D8%BA%D8%A9-%D8%A3%D8%AC%D9%86%D8%A8%D9%8A%D8%A9_20251103_203232_0000.jpg?fit=1280%2C720&ssl=1\",\"datePublished\":\"2025-11-04T06:29:14+00:00\",\"breadcrumb\":{\"@id\":\"https:\\\/\\\/saknews.net\\\/ku\\\/?p=2697#breadcrumb\"},\"inLanguage\":\"en-US\",\"potentialAction\":[{\"@type\":\"ReadAction\",\"target\":[\"https:\\\/\\\/saknews.net\\\/ku\\\/?p=2697\"]}]},{\"@type\":\"ImageObject\",\"inLanguage\":\"en-US\",\"@id\":\"https:\\\/\\\/saknews.net\\\/ku\\\/?p=2697#primaryimage\",\"url\":\"https:\\\/\\\/i0.wp.com\\\/saknews.net\\\/ku\\\/wp-content\\\/uploads\\\/2025\\\/11\\\/%D8%A7%D9%84%D9%83%D9%88%D8%B1%D8%AF%D9%8A%D8%A9-%D9%84%D8%BA%D8%A9-%D8%A3%D8%AC%D9%86%D8%A8%D9%8A%D8%A9_20251103_203232_0000.jpg?fit=1280%2C720&ssl=1\",\"contentUrl\":\"https:\\\/\\\/i0.wp.com\\\/saknews.net\\\/ku\\\/wp-content\\\/uploads\\\/2025\\\/11\\\/%D8%A7%D9%84%D9%83%D9%88%D8%B1%D8%AF%D9%8A%D8%A9-%D9%84%D8%BA%D8%A9-%D8%A3%D8%AC%D9%86%D8%A8%D9%8A%D8%A9_20251103_203232_0000.jpg?fit=1280%2C720&ssl=1\",\"width\":1280,\"height\":720},{\"@type\":\"BreadcrumbList\",\"@id\":\"https:\\\/\\\/saknews.net\\\/ku\\\/?p=2697#breadcrumb\",\"itemListElement\":[{\"@type\":\"ListItem\",\"position\":1,\"name\":\"\u0627\u0644\u0631\u0626\u064a\u0633\u064a\u0629\",\"item\":\"https:\\\/\\\/saknews.net\\\/ku\\\/\"},{\"@type\":\"ListItem\",\"position\":2,\"name\":\"N\u00fb\u00e7e\",\"item\":\"https:\\\/\\\/saknews.net\\\/ku\\\/?cat=49\"},{\"@type\":\"ListItem\",\"position\":3,\"name\":\"Daxuyan\u00ee\",\"item\":\"https:\\\/\\\/saknews.net\\\/ku\\\/?cat=34\"},{\"@type\":\"ListItem\",\"position\":4,\"name\":\"Bersiva li ser Daxuyaniy\u00ean R\u00eaveber\u00ea Kar\u00fbbar\u00ean Siyas\u00ee y\u00ea R\u00eaveberiya Her\u00eama Efr\u00een\u00ea \u2013 Mihemed Senker\u00ee\"}]},{\"@type\":\"WebSite\",\"@id\":\"https:\\\/\\\/saknews.net\\\/ku\\\/#website\",\"url\":\"https:\\\/\\\/saknews.net\\\/ku\\\/\",\"name\":\"S\u0327epe\u0302la Azadi\u0302 ya Kurdistani\u0302\",\"description\":\"\u062a\u064a\u0627\u0631 \u0627\u0644\u062d\u0631\u064a\u0629 \u0627\u0644\u0643\u0648\u0631\u062f\u0633\u062a\u0627\u0646\u064a \u015eep\u00eala Azad\u00ee ya Kurdistan\u00ee\",\"publisher\":{\"@id\":\"https:\\\/\\\/saknews.net\\\/ku\\\/#organization\"},\"potentialAction\":[{\"@type\":\"SearchAction\",\"target\":{\"@type\":\"EntryPoint\",\"urlTemplate\":\"https:\\\/\\\/saknews.net\\\/ku\\\/?s={search_term_string}\"},\"query-input\":{\"@type\":\"PropertyValueSpecification\",\"valueRequired\":true,\"valueName\":\"search_term_string\"}}],\"inLanguage\":\"en-US\"},{\"@type\":\"Organization\",\"@id\":\"https:\\\/\\\/saknews.net\\\/ku\\\/#organization\",\"name\":\"\u015eep\u00eala Azadiy\u00ea ya Kurdistan\u00ea - \u062a\u064a\u0627\u0631 \u0627\u0644\u062d\u0631\u064a\u0629 \u0627\u0644\u0643\u0648\u0631\u062f\u0633\u062a\u0627\u0646\u064a\",\"url\":\"https:\\\/\\\/saknews.net\\\/ku\\\/\",\"logo\":{\"@type\":\"ImageObject\",\"inLanguage\":\"en-US\",\"@id\":\"https:\\\/\\\/saknews.net\\\/ku\\\/#\\\/schema\\\/logo\\\/image\\\/\",\"url\":\"https:\\\/\\\/i0.wp.com\\\/saknews.net\\\/ku\\\/wp-content\\\/uploads\\\/2024\\\/11\\\/cropped-logo-1.png?fit=512%2C512&ssl=1\",\"contentUrl\":\"https:\\\/\\\/i0.wp.com\\\/saknews.net\\\/ku\\\/wp-content\\\/uploads\\\/2024\\\/11\\\/cropped-logo-1.png?fit=512%2C512&ssl=1\",\"width\":512,\"height\":512,\"caption\":\"\u015eep\u00eala Azadiy\u00ea ya Kurdistan\u00ea - \u062a\u064a\u0627\u0631 \u0627\u0644\u062d\u0631\u064a\u0629 \u0627\u0644\u0643\u0648\u0631\u062f\u0633\u062a\u0627\u0646\u064a\"},\"image\":{\"@id\":\"https:\\\/\\\/saknews.net\\\/ku\\\/#\\\/schema\\\/logo\\\/image\\\/\"},\"sameAs\":[\"https:\\\/\\\/www.facebook.com\\\/Shepel.ewropa\"]},{\"@type\":\"Person\",\"@id\":\"https:\\\/\\\/saknews.net\\\/ku\\\/#\\\/schema\\\/person\\\/72ae32a4041a3817e015b63d8f409058\",\"name\":\"Horan Hem\",\"url\":\"https:\\\/\\\/saknews.net\\\/ku\\\/?author=8\"}]}<\/script>\n<!-- \/ Yoast SEO plugin. -->","yoast_head_json":{"title":"Bersiva li ser Daxuyaniy\u00ean R\u00eaveber\u00ea Kar\u00fbbar\u00ean Siyas\u00ee y\u00ea R\u00eaveberiya Her\u00eama Efr\u00een\u00ea \u2013 Mihemed Senker\u00ee &#8226; \u015eAK","robots":{"index":"index","follow":"follow","max-snippet":"max-snippet:-1","max-image-preview":"max-image-preview:large","max-video-preview":"max-video-preview:-1"},"canonical":"https:\/\/saknews.net\/ku\/?p=2697","og_locale":"en_US","og_type":"article","og_title":"Bersiva li ser Daxuyaniy\u00ean R\u00eaveber\u00ea Kar\u00fbbar\u00ean Siyas\u00ee y\u00ea R\u00eaveberiya Her\u00eama Efr\u00een\u00ea \u2013 Mihemed Senker\u00ee &#8226; \u015eAK","og_description":"\u200bDi hevpeyv\u00eeneke telev\u00eezyon\u00ee ya bi kanala R\u00fbdaw re ku di 03.11.2025an de hat we\u015fandin, bir\u00eaz...","og_url":"https:\/\/saknews.net\/ku\/?p=2697","og_site_name":"\u015eAK","article_publisher":"https:\/\/www.facebook.com\/Shepel.ewropa","article_published_time":"2025-11-04T06:29:14+00:00","og_image":[{"width":1280,"height":720,"url":"https:\/\/saknews.net\/ku\/wp-content\/uploads\/2025\/11\/\u0627\u0644\u0643\u0648\u0631\u062f\u064a\u0629-\u0644\u063a\u0629-\u0623\u062c\u0646\u0628\u064a\u0629_20251103_203232_0000.jpg","type":"image\/jpeg"}],"author":"Horan Hem","twitter_card":"summary_large_image","twitter_misc":{"Written by":"Horan Hem","Est. reading time":"1 minute"},"schema":{"@context":"https:\/\/schema.org","@graph":[{"@type":"Article","@id":"https:\/\/saknews.net\/ku\/?p=2697#article","isPartOf":{"@id":"https:\/\/saknews.net\/ku\/?p=2697"},"author":{"name":"Horan Hem","@id":"https:\/\/saknews.net\/ku\/#\/schema\/person\/72ae32a4041a3817e015b63d8f409058"},"headline":"Bersiva li ser Daxuyaniy\u00ean R\u00eaveber\u00ea Kar\u00fbbar\u00ean Siyas\u00ee y\u00ea R\u00eaveberiya Her\u00eama Efr\u00een\u00ea \u2013 Mihemed Senker\u00ee","datePublished":"2025-11-04T06:29:14+00:00","mainEntityOfPage":{"@id":"https:\/\/saknews.net\/ku\/?p=2697"},"wordCount":341,"publisher":{"@id":"https:\/\/saknews.net\/ku\/#organization"},"image":{"@id":"https:\/\/saknews.net\/ku\/?p=2697#primaryimage"},"thumbnailUrl":"https:\/\/i0.wp.com\/saknews.net\/ku\/wp-content\/uploads\/2025\/11\/%D8%A7%D9%84%D9%83%D9%88%D8%B1%D8%AF%D9%8A%D8%A9-%D9%84%D8%BA%D8%A9-%D8%A3%D8%AC%D9%86%D8%A8%D9%8A%D8%A9_20251103_203232_0000.jpg?fit=1280%2C720&ssl=1","articleSection":["Daxuyan\u00ee"],"inLanguage":"en-US"},{"@type":"WebPage","@id":"https:\/\/saknews.net\/ku\/?p=2697","url":"https:\/\/saknews.net\/ku\/?p=2697","name":"Bersiva li ser Daxuyaniy\u00ean R\u00eaveber\u00ea Kar\u00fbbar\u00ean Siyas\u00ee y\u00ea R\u00eaveberiya Her\u00eama Efr\u00een\u00ea \u2013 Mihemed Senker\u00ee &#8226; \u015eAK","isPartOf":{"@id":"https:\/\/saknews.net\/ku\/#website"},"primaryImageOfPage":{"@id":"https:\/\/saknews.net\/ku\/?p=2697#primaryimage"},"image":{"@id":"https:\/\/saknews.net\/ku\/?p=2697#primaryimage"},"thumbnailUrl":"https:\/\/i0.wp.com\/saknews.net\/ku\/wp-content\/uploads\/2025\/11\/%D8%A7%D9%84%D9%83%D9%88%D8%B1%D8%AF%D9%8A%D8%A9-%D9%84%D8%BA%D8%A9-%D8%A3%D8%AC%D9%86%D8%A8%D9%8A%D8%A9_20251103_203232_0000.jpg?fit=1280%2C720&ssl=1","datePublished":"2025-11-04T06:29:14+00:00","breadcrumb":{"@id":"https:\/\/saknews.net\/ku\/?p=2697#breadcrumb"},"inLanguage":"en-US","potentialAction":[{"@type":"ReadAction","target":["https:\/\/saknews.net\/ku\/?p=2697"]}]},{"@type":"ImageObject","inLanguage":"en-US","@id":"https:\/\/saknews.net\/ku\/?p=2697#primaryimage","url":"https:\/\/i0.wp.com\/saknews.net\/ku\/wp-content\/uploads\/2025\/11\/%D8%A7%D9%84%D9%83%D9%88%D8%B1%D8%AF%D9%8A%D8%A9-%D9%84%D8%BA%D8%A9-%D8%A3%D8%AC%D9%86%D8%A8%D9%8A%D8%A9_20251103_203232_0000.jpg?fit=1280%2C720&ssl=1","contentUrl":"https:\/\/i0.wp.com\/saknews.net\/ku\/wp-content\/uploads\/2025\/11\/%D8%A7%D9%84%D9%83%D9%88%D8%B1%D8%AF%D9%8A%D8%A9-%D9%84%D8%BA%D8%A9-%D8%A3%D8%AC%D9%86%D8%A8%D9%8A%D8%A9_20251103_203232_0000.jpg?fit=1280%2C720&ssl=1","width":1280,"height":720},{"@type":"BreadcrumbList","@id":"https:\/\/saknews.net\/ku\/?p=2697#breadcrumb","itemListElement":[{"@type":"ListItem","position":1,"name":"\u0627\u0644\u0631\u0626\u064a\u0633\u064a\u0629","item":"https:\/\/saknews.net\/ku\/"},{"@type":"ListItem","position":2,"name":"N\u00fb\u00e7e","item":"https:\/\/saknews.net\/ku\/?cat=49"},{"@type":"ListItem","position":3,"name":"Daxuyan\u00ee","item":"https:\/\/saknews.net\/ku\/?cat=34"},{"@type":"ListItem","position":4,"name":"Bersiva li ser Daxuyaniy\u00ean R\u00eaveber\u00ea Kar\u00fbbar\u00ean Siyas\u00ee y\u00ea R\u00eaveberiya Her\u00eama Efr\u00een\u00ea \u2013 Mihemed Senker\u00ee"}]},{"@type":"WebSite","@id":"https:\/\/saknews.net\/ku\/#website","url":"https:\/\/saknews.net\/ku\/","name":"S\u0327epe\u0302la Azadi\u0302 ya Kurdistani\u0302","description":"\u062a\u064a\u0627\u0631 \u0627\u0644\u062d\u0631\u064a\u0629 \u0627\u0644\u0643\u0648\u0631\u062f\u0633\u062a\u0627\u0646\u064a \u015eep\u00eala Azad\u00ee ya Kurdistan\u00ee","publisher":{"@id":"https:\/\/saknews.net\/ku\/#organization"},"potentialAction":[{"@type":"SearchAction","target":{"@type":"EntryPoint","urlTemplate":"https:\/\/saknews.net\/ku\/?s={search_term_string}"},"query-input":{"@type":"PropertyValueSpecification","valueRequired":true,"valueName":"search_term_string"}}],"inLanguage":"en-US"},{"@type":"Organization","@id":"https:\/\/saknews.net\/ku\/#organization","name":"\u015eep\u00eala Azadiy\u00ea ya Kurdistan\u00ea - \u062a\u064a\u0627\u0631 \u0627\u0644\u062d\u0631\u064a\u0629 \u0627\u0644\u0643\u0648\u0631\u062f\u0633\u062a\u0627\u0646\u064a","url":"https:\/\/saknews.net\/ku\/","logo":{"@type":"ImageObject","inLanguage":"en-US","@id":"https:\/\/saknews.net\/ku\/#\/schema\/logo\/image\/","url":"https:\/\/i0.wp.com\/saknews.net\/ku\/wp-content\/uploads\/2024\/11\/cropped-logo-1.png?fit=512%2C512&ssl=1","contentUrl":"https:\/\/i0.wp.com\/saknews.net\/ku\/wp-content\/uploads\/2024\/11\/cropped-logo-1.png?fit=512%2C512&ssl=1","width":512,"height":512,"caption":"\u015eep\u00eala Azadiy\u00ea ya Kurdistan\u00ea - \u062a\u064a\u0627\u0631 \u0627\u0644\u062d\u0631\u064a\u0629 \u0627\u0644\u0643\u0648\u0631\u062f\u0633\u062a\u0627\u0646\u064a"},"image":{"@id":"https:\/\/saknews.net\/ku\/#\/schema\/logo\/image\/"},"sameAs":["https:\/\/www.facebook.com\/Shepel.ewropa"]},{"@type":"Person","@id":"https:\/\/saknews.net\/ku\/#\/schema\/person\/72ae32a4041a3817e015b63d8f409058","name":"Horan Hem","url":"https:\/\/saknews.net\/ku\/?author=8"}]}},"featured_image_urls":{"full":["https:\/\/i0.wp.com\/saknews.net\/ku\/wp-content\/uploads\/2025\/11\/%D8%A7%D9%84%D9%83%D9%88%D8%B1%D8%AF%D9%8A%D8%A9-%D9%84%D8%BA%D8%A9-%D8%A3%D8%AC%D9%86%D8%A8%D9%8A%D8%A9_20251103_203232_0000.jpg?fit=1280%2C720&ssl=1",1280,720,false],"thumbnail":["https:\/\/i0.wp.com\/saknews.net\/ku\/wp-content\/uploads\/2025\/11\/%D8%A7%D9%84%D9%83%D9%88%D8%B1%D8%AF%D9%8A%D8%A9-%D9%84%D8%BA%D8%A9-%D8%A3%D8%AC%D9%86%D8%A8%D9%8A%D8%A9_20251103_203232_0000.jpg?resize=150%2C150&ssl=1",150,150,true],"medium":["https:\/\/i0.wp.com\/saknews.net\/ku\/wp-content\/uploads\/2025\/11\/%D8%A7%D9%84%D9%83%D9%88%D8%B1%D8%AF%D9%8A%D8%A9-%D9%84%D8%BA%D8%A9-%D8%A3%D8%AC%D9%86%D8%A8%D9%8A%D8%A9_20251103_203232_0000.jpg?fit=300%2C169&ssl=1",300,169,true],"medium_large":["https:\/\/i0.wp.com\/saknews.net\/ku\/wp-content\/uploads\/2025\/11\/%D8%A7%D9%84%D9%83%D9%88%D8%B1%D8%AF%D9%8A%D8%A9-%D9%84%D8%BA%D8%A9-%D8%A3%D8%AC%D9%86%D8%A8%D9%8A%D8%A9_20251103_203232_0000.jpg?fit=640%2C360&ssl=1",640,360,true],"large":["https:\/\/i0.wp.com\/saknews.net\/ku\/wp-content\/uploads\/2025\/11\/%D8%A7%D9%84%D9%83%D9%88%D8%B1%D8%AF%D9%8A%D8%A9-%D9%84%D8%BA%D8%A9-%D8%A3%D8%AC%D9%86%D8%A8%D9%8A%D8%A9_20251103_203232_0000.jpg?fit=640%2C360&ssl=1",640,360,true],"1536x1536":["https:\/\/i0.wp.com\/saknews.net\/ku\/wp-content\/uploads\/2025\/11\/%D8%A7%D9%84%D9%83%D9%88%D8%B1%D8%AF%D9%8A%D8%A9-%D9%84%D8%BA%D8%A9-%D8%A3%D8%AC%D9%86%D8%A8%D9%8A%D8%A9_20251103_203232_0000.jpg?fit=1280%2C720&ssl=1",1280,720,true],"2048x2048":["https:\/\/i0.wp.com\/saknews.net\/ku\/wp-content\/uploads\/2025\/11\/%D8%A7%D9%84%D9%83%D9%88%D8%B1%D8%AF%D9%8A%D8%A9-%D9%84%D8%BA%D8%A9-%D8%A3%D8%AC%D9%86%D8%A8%D9%8A%D8%A9_20251103_203232_0000.jpg?fit=1280%2C720&ssl=1",1280,720,true],"covernews-featured":["https:\/\/i0.wp.com\/saknews.net\/ku\/wp-content\/uploads\/2025\/11\/%D8%A7%D9%84%D9%83%D9%88%D8%B1%D8%AF%D9%8A%D8%A9-%D9%84%D8%BA%D8%A9-%D8%A3%D8%AC%D9%86%D8%A8%D9%8A%D8%A9_20251103_203232_0000.jpg?fit=1024%2C576&ssl=1",1024,576,true],"covernews-medium":["https:\/\/i0.wp.com\/saknews.net\/ku\/wp-content\/uploads\/2025\/11\/%D8%A7%D9%84%D9%83%D9%88%D8%B1%D8%AF%D9%8A%D8%A9-%D9%84%D8%BA%D8%A9-%D8%A3%D8%AC%D9%86%D8%A8%D9%8A%D8%A9_20251103_203232_0000.jpg?resize=540%2C340&ssl=1",540,340,true]},"author_info":{"display_name":"Horan Hem","author_link":"https:\/\/saknews.net\/ku\/?author=8"},"category_info":"<a href=\"https:\/\/saknews.net\/ku\/?cat=34\" rel=\"category\">Daxuyan\u00ee<\/a>","tag_info":"Daxuyan\u00ee","comment_count":"0","_links":{"self":[{"href":"https:\/\/saknews.net\/ku\/index.php?rest_route=\/wp\/v2\/posts\/2697","targetHints":{"allow":["GET"]}}],"collection":[{"href":"https:\/\/saknews.net\/ku\/index.php?rest_route=\/wp\/v2\/posts"}],"about":[{"href":"https:\/\/saknews.net\/ku\/index.php?rest_route=\/wp\/v2\/types\/post"}],"author":[{"embeddable":true,"href":"https:\/\/saknews.net\/ku\/index.php?rest_route=\/wp\/v2\/users\/8"}],"replies":[{"embeddable":true,"href":"https:\/\/saknews.net\/ku\/index.php?rest_route=%2Fwp%2Fv2%2Fcomments&post=2697"}],"version-history":[{"count":1,"href":"https:\/\/saknews.net\/ku\/index.php?rest_route=\/wp\/v2\/posts\/2697\/revisions"}],"predecessor-version":[{"id":2699,"href":"https:\/\/saknews.net\/ku\/index.php?rest_route=\/wp\/v2\/posts\/2697\/revisions\/2699"}],"wp:featuredmedia":[{"embeddable":true,"href":"https:\/\/saknews.net\/ku\/index.php?rest_route=\/wp\/v2\/media\/2698"}],"wp:attachment":[{"href":"https:\/\/saknews.net\/ku\/index.php?rest_route=%2Fwp%2Fv2%2Fmedia&parent=2697"}],"wp:term":[{"taxonomy":"category","embeddable":true,"href":"https:\/\/saknews.net\/ku\/index.php?rest_route=%2Fwp%2Fv2%2Fcategories&post=2697"},{"taxonomy":"post_tag","embeddable":true,"href":"https:\/\/saknews.net\/ku\/index.php?rest_route=%2Fwp%2Fv2%2Ftags&post=2697"}],"curies":[{"name":"wp","href":"https:\/\/api.w.org\/{rel}","templated":true}]}}