{"id":2707,"date":"2025-11-11T08:23:07","date_gmt":"2025-11-11T08:23:07","guid":{"rendered":"https:\/\/saknews.net\/ku\/?p=2707"},"modified":"2025-11-11T08:23:55","modified_gmt":"2025-11-11T08:23:55","slug":"2707","status":"publish","type":"post","link":"https:\/\/saknews.net\/ku\/?p=2707","title":{"rendered":"Serok\u00ea Ber\u00ea Kurdistana S\u00fbriy\u00ea li \u015eam\u00ea bi Balyoz\u00ea Almanya re dicive"},"content":{"rendered":"<p>Ragihandineke \u00c7apemeniy\u00ea<\/p>\n<p>\u200b<br \/>\n\u200bSerok\u00ea Ber\u00ea Kurdistana S\u00fbriy\u00ea, bir\u00eaz Siyamend Haco, li paytexta S\u00fbriy\u00ea, \u015eam\u00ea, bi Balyoz\u00ea Almanyay\u00ea li S\u00fbriy\u00ea, bir\u00eaz 4Clemens Hach, re civ\u00eenek li dar xist.<\/p>\n<p>\u200bDi civ\u00een\u00ea de, ku du demjim\u00earan dom kir, helwesta Hik\u00fbmeta Almanyay\u00ea ji doza Kurd li S\u00fbriy\u00ea \u00fb Hik\u00fbmeta Demk\u00ee ya S\u00fbriy\u00ea hat got\u00fbb\u00eajkirin. Bir\u00eaz Haco n\u00ear\u00eeneke berfireh li ser helwesta Kurdan ji Hik\u00fbmeta Demk\u00ee p\u00ea\u015fk\u00ea\u015f kir.<\/p>\n<p>\u200bDi v\u00ea \u00e7ar\u00e7ovey\u00ea de, bir\u00eaz Haco metirsiy\u00ean berdewamkirina pi\u015ftguhkirina Kurdan ji aliy\u00ea Hik\u00fbmeta Demk\u00ee ya niha ve li \u015eam\u00ea \u00fb danp\u00eanedana maf\u00ean wan \u00ean netewey\u00ee, \u00e7and\u00ee \u00fb siyas\u00ee vegot. Herwiha Haco li ser p\u00eaw\u00eestiya pi\u015ftgiriya \u015eanda Kurd\u00ee ya Hevbe\u015f bi mebesta amadekirina mercan ji bo destp\u00eakirina dan\u00fbstandin\u00ean cid\u00ee bi Hik\u00fbmeta Demk\u00ee re, tekez kir, ku be\u015fdarb\u00fbna Kurdan di p\u00eavajoya siyas\u00ee de bi awayek\u00ee \u00e7alak misoger bike.<br \/>\n<img data-recalc-dims=\"1\" decoding=\"async\" data-src=\"https:\/\/i0.wp.com\/saknews.net\/ku\/wp-content\/uploads\/2025\/11\/IMG-20251110-WA0011.jpg?resize=300%2C139&#038;ssl=1\" alt=\"\" width=\"300\" height=\"139\" class=\"alignright size-medium wp-image-2708 lazyload\" data-srcset=\"https:\/\/i0.wp.com\/saknews.net\/ku\/wp-content\/uploads\/2025\/11\/IMG-20251110-WA0011.jpg?resize=300%2C139&amp;ssl=1 300w, https:\/\/i0.wp.com\/saknews.net\/ku\/wp-content\/uploads\/2025\/11\/IMG-20251110-WA0011.jpg?resize=1024%2C473&amp;ssl=1 1024w, https:\/\/i0.wp.com\/saknews.net\/ku\/wp-content\/uploads\/2025\/11\/IMG-20251110-WA0011.jpg?resize=768%2C355&amp;ssl=1 768w, https:\/\/i0.wp.com\/saknews.net\/ku\/wp-content\/uploads\/2025\/11\/IMG-20251110-WA0011.jpg?resize=1536%2C709&amp;ssl=1 1536w, https:\/\/i0.wp.com\/saknews.net\/ku\/wp-content\/uploads\/2025\/11\/IMG-20251110-WA0011.jpg?w=1600&amp;ssl=1 1600w, https:\/\/i0.wp.com\/saknews.net\/ku\/wp-content\/uploads\/2025\/11\/IMG-20251110-WA0011.jpg?w=1280&amp;ssl=1 1280w\" data-sizes=\"(max-width: 300px) 100vw, 300px\" src=\"data:image\/svg+xml;base64,PHN2ZyB3aWR0aD0iMSIgaGVpZ2h0PSIxIiB4bWxucz0iaHR0cDovL3d3dy53My5vcmcvMjAwMC9zdmciPjwvc3ZnPg==\" style=\"--smush-placeholder-width: 300px; --smush-placeholder-aspect-ratio: 300\/139;\" \/><br \/>\n\u200bJi aliyek\u00ee din ve, bir\u00eaz Siyamend Haco bi Wez\u00eera Kar\u00fbbar\u00ean Civak\u00ee \u00fb Xebat\u00ea, xanim Hind Qebwat, \u00fb c\u00eegira w\u00ea, xanim Rexda Z\u00eadan, re civiya. W\u00ee bi wan re astengiy\u00ean li p\u00ea\u015f xebata r\u00eaxistin\u00ean ne-hik\u00fbm\u00ee (NGO) li S\u00fbriy\u00ea got\u00fbb\u00eaj kir \u00fb daxwaz kir hesankar\u00ee di standina ruxsetan de b\u00ea kirin, \u00fb rew\u015feke bas ji kar\u00ea r\u00eaxistin\u00ean NGO re b\u00ea \u00e7\u00eakirin ya vekir\u00eetir ji van r\u00eaxistinan re, ku karibin pirs\u00ean demokras\u00ee \u00fb dest\u00fbr\u00ea de bi azad\u00ee \u00fb b\u00eay\u00ee asteng\u00ee yan dest\u00eawerdan, got\u00fbb\u00eaj bikin. <\/p>\n<p>\u200bOf\u00eesa Ragihandin\u00ea<br \/>\nBer\u00ea Kurdistana S\u00fbriy\u00ea<br \/>\n11.11.2025<\/p>\n","protected":false},"excerpt":{"rendered":"<p>Ragihandineke \u00c7apemeniy\u00ea \u200b \u200bSerok\u00ea Ber\u00ea Kurdistana S\u00fbriy\u00ea, bir\u00eaz Siyamend Haco, li paytexta S\u00fbriy\u00ea, \u015eam\u00ea, bi&#8230;<\/p>\n","protected":false},"author":8,"featured_media":2709,"comment_status":"closed","ping_status":"closed","sticky":false,"template":"","format":"standard","meta":{"footnotes":""},"categories":[90],"tags":[],"class_list":["post-2707","post","type-post","status-publish","format-standard","has-post-thumbnail","hentry","category-ragihandin"],"yoast_head":"<!-- This site is optimized with the Yoast SEO plugin v27.5 - https:\/\/yoast.com\/product\/yoast-seo-wordpress\/ -->\n<title>Serok\u00ea Ber\u00ea Kurdistana S\u00fbriy\u00ea li \u015eam\u00ea bi Balyoz\u00ea Almanya re dicive &#8226; \u015eAK<\/title>\n<meta name=\"robots\" content=\"index, follow, max-snippet:-1, max-image-preview:large, max-video-preview:-1\" \/>\n<link rel=\"canonical\" href=\"https:\/\/saknews.net\/ku\/?p=2707\" \/>\n<meta property=\"og:locale\" content=\"en_US\" \/>\n<meta property=\"og:type\" content=\"article\" \/>\n<meta property=\"og:title\" content=\"Serok\u00ea Ber\u00ea Kurdistana S\u00fbriy\u00ea li \u015eam\u00ea bi Balyoz\u00ea Almanya re dicive &#8226; \u015eAK\" \/>\n<meta property=\"og:description\" content=\"Ragihandineke \u00c7apemeniy\u00ea \u200b \u200bSerok\u00ea Ber\u00ea Kurdistana S\u00fbriy\u00ea, bir\u00eaz Siyamend Haco, li paytexta S\u00fbriy\u00ea, \u015eam\u00ea, bi...\" \/>\n<meta property=\"og:url\" content=\"https:\/\/saknews.net\/ku\/?p=2707\" \/>\n<meta property=\"og:site_name\" content=\"\u015eAK\" \/>\n<meta property=\"article:publisher\" content=\"https:\/\/www.facebook.com\/Shepel.ewropa\" \/>\n<meta property=\"article:published_time\" content=\"2025-11-11T08:23:07+00:00\" \/>\n<meta property=\"article:modified_time\" content=\"2025-11-11T08:23:55+00:00\" \/>\n<meta property=\"og:image\" content=\"https:\/\/saknews.net\/ku\/wp-content\/uploads\/2025\/11\/IMG-20251110-WA0009.jpg\" \/>\n\t<meta property=\"og:image:width\" content=\"1258\" \/>\n\t<meta property=\"og:image:height\" content=\"828\" \/>\n\t<meta property=\"og:image:type\" content=\"image\/jpeg\" \/>\n<meta name=\"author\" content=\"Horan Hem\" \/>\n<meta name=\"twitter:card\" content=\"summary_large_image\" \/>\n<meta name=\"twitter:label1\" content=\"Written by\" \/>\n\t<meta name=\"twitter:data1\" content=\"Horan Hem\" \/>\n\t<meta name=\"twitter:label2\" content=\"Est. reading time\" \/>\n\t<meta name=\"twitter:data2\" content=\"2 minutes\" \/>\n<script type=\"application\/ld+json\" class=\"yoast-schema-graph\">{\"@context\":\"https:\\\/\\\/schema.org\",\"@graph\":[{\"@type\":\"Article\",\"@id\":\"https:\\\/\\\/saknews.net\\\/ku\\\/?p=2707#article\",\"isPartOf\":{\"@id\":\"https:\\\/\\\/saknews.net\\\/ku\\\/?p=2707\"},\"author\":{\"name\":\"Horan Hem\",\"@id\":\"https:\\\/\\\/saknews.net\\\/ku\\\/#\\\/schema\\\/person\\\/72ae32a4041a3817e015b63d8f409058\"},\"headline\":\"Serok\u00ea Ber\u00ea Kurdistana S\u00fbriy\u00ea li \u015eam\u00ea bi Balyoz\u00ea Almanya re dicive\",\"datePublished\":\"2025-11-11T08:23:07+00:00\",\"dateModified\":\"2025-11-11T08:23:55+00:00\",\"mainEntityOfPage\":{\"@id\":\"https:\\\/\\\/saknews.net\\\/ku\\\/?p=2707\"},\"wordCount\":279,\"publisher\":{\"@id\":\"https:\\\/\\\/saknews.net\\\/ku\\\/#organization\"},\"image\":{\"@id\":\"https:\\\/\\\/saknews.net\\\/ku\\\/?p=2707#primaryimage\"},\"thumbnailUrl\":\"https:\\\/\\\/i0.wp.com\\\/saknews.net\\\/ku\\\/wp-content\\\/uploads\\\/2025\\\/11\\\/IMG-20251110-WA0009.jpg?fit=1258%2C828&ssl=1\",\"articleSection\":[\"Ragihandin\"],\"inLanguage\":\"en-US\"},{\"@type\":\"WebPage\",\"@id\":\"https:\\\/\\\/saknews.net\\\/ku\\\/?p=2707\",\"url\":\"https:\\\/\\\/saknews.net\\\/ku\\\/?p=2707\",\"name\":\"Serok\u00ea Ber\u00ea Kurdistana S\u00fbriy\u00ea li \u015eam\u00ea bi Balyoz\u00ea Almanya re dicive &#8226; \u015eAK\",\"isPartOf\":{\"@id\":\"https:\\\/\\\/saknews.net\\\/ku\\\/#website\"},\"primaryImageOfPage\":{\"@id\":\"https:\\\/\\\/saknews.net\\\/ku\\\/?p=2707#primaryimage\"},\"image\":{\"@id\":\"https:\\\/\\\/saknews.net\\\/ku\\\/?p=2707#primaryimage\"},\"thumbnailUrl\":\"https:\\\/\\\/i0.wp.com\\\/saknews.net\\\/ku\\\/wp-content\\\/uploads\\\/2025\\\/11\\\/IMG-20251110-WA0009.jpg?fit=1258%2C828&ssl=1\",\"datePublished\":\"2025-11-11T08:23:07+00:00\",\"dateModified\":\"2025-11-11T08:23:55+00:00\",\"breadcrumb\":{\"@id\":\"https:\\\/\\\/saknews.net\\\/ku\\\/?p=2707#breadcrumb\"},\"inLanguage\":\"en-US\",\"potentialAction\":[{\"@type\":\"ReadAction\",\"target\":[\"https:\\\/\\\/saknews.net\\\/ku\\\/?p=2707\"]}]},{\"@type\":\"ImageObject\",\"inLanguage\":\"en-US\",\"@id\":\"https:\\\/\\\/saknews.net\\\/ku\\\/?p=2707#primaryimage\",\"url\":\"https:\\\/\\\/i0.wp.com\\\/saknews.net\\\/ku\\\/wp-content\\\/uploads\\\/2025\\\/11\\\/IMG-20251110-WA0009.jpg?fit=1258%2C828&ssl=1\",\"contentUrl\":\"https:\\\/\\\/i0.wp.com\\\/saknews.net\\\/ku\\\/wp-content\\\/uploads\\\/2025\\\/11\\\/IMG-20251110-WA0009.jpg?fit=1258%2C828&ssl=1\",\"width\":1258,\"height\":828},{\"@type\":\"BreadcrumbList\",\"@id\":\"https:\\\/\\\/saknews.net\\\/ku\\\/?p=2707#breadcrumb\",\"itemListElement\":[{\"@type\":\"ListItem\",\"position\":1,\"name\":\"\u0627\u0644\u0631\u0626\u064a\u0633\u064a\u0629\",\"item\":\"https:\\\/\\\/saknews.net\\\/ku\\\/\"},{\"@type\":\"ListItem\",\"position\":2,\"name\":\"Ragihandin\",\"item\":\"https:\\\/\\\/saknews.net\\\/ku\\\/?cat=90\"},{\"@type\":\"ListItem\",\"position\":3,\"name\":\"Serok\u00ea Ber\u00ea Kurdistana S\u00fbriy\u00ea li \u015eam\u00ea bi Balyoz\u00ea Almanya re dicive\"}]},{\"@type\":\"WebSite\",\"@id\":\"https:\\\/\\\/saknews.net\\\/ku\\\/#website\",\"url\":\"https:\\\/\\\/saknews.net\\\/ku\\\/\",\"name\":\"S\u0327epe\u0302la Azadi\u0302 ya Kurdistani\u0302\",\"description\":\"\u062a\u064a\u0627\u0631 \u0627\u0644\u062d\u0631\u064a\u0629 \u0627\u0644\u0643\u0648\u0631\u062f\u0633\u062a\u0627\u0646\u064a \u015eep\u00eala Azad\u00ee ya Kurdistan\u00ee\",\"publisher\":{\"@id\":\"https:\\\/\\\/saknews.net\\\/ku\\\/#organization\"},\"potentialAction\":[{\"@type\":\"SearchAction\",\"target\":{\"@type\":\"EntryPoint\",\"urlTemplate\":\"https:\\\/\\\/saknews.net\\\/ku\\\/?s={search_term_string}\"},\"query-input\":{\"@type\":\"PropertyValueSpecification\",\"valueRequired\":true,\"valueName\":\"search_term_string\"}}],\"inLanguage\":\"en-US\"},{\"@type\":\"Organization\",\"@id\":\"https:\\\/\\\/saknews.net\\\/ku\\\/#organization\",\"name\":\"\u015eep\u00eala Azadiy\u00ea ya Kurdistan\u00ea - \u062a\u064a\u0627\u0631 \u0627\u0644\u062d\u0631\u064a\u0629 \u0627\u0644\u0643\u0648\u0631\u062f\u0633\u062a\u0627\u0646\u064a\",\"url\":\"https:\\\/\\\/saknews.net\\\/ku\\\/\",\"logo\":{\"@type\":\"ImageObject\",\"inLanguage\":\"en-US\",\"@id\":\"https:\\\/\\\/saknews.net\\\/ku\\\/#\\\/schema\\\/logo\\\/image\\\/\",\"url\":\"https:\\\/\\\/i0.wp.com\\\/saknews.net\\\/ku\\\/wp-content\\\/uploads\\\/2024\\\/11\\\/cropped-logo-1.png?fit=512%2C512&ssl=1\",\"contentUrl\":\"https:\\\/\\\/i0.wp.com\\\/saknews.net\\\/ku\\\/wp-content\\\/uploads\\\/2024\\\/11\\\/cropped-logo-1.png?fit=512%2C512&ssl=1\",\"width\":512,\"height\":512,\"caption\":\"\u015eep\u00eala Azadiy\u00ea ya Kurdistan\u00ea - \u062a\u064a\u0627\u0631 \u0627\u0644\u062d\u0631\u064a\u0629 \u0627\u0644\u0643\u0648\u0631\u062f\u0633\u062a\u0627\u0646\u064a\"},\"image\":{\"@id\":\"https:\\\/\\\/saknews.net\\\/ku\\\/#\\\/schema\\\/logo\\\/image\\\/\"},\"sameAs\":[\"https:\\\/\\\/www.facebook.com\\\/Shepel.ewropa\"]},{\"@type\":\"Person\",\"@id\":\"https:\\\/\\\/saknews.net\\\/ku\\\/#\\\/schema\\\/person\\\/72ae32a4041a3817e015b63d8f409058\",\"name\":\"Horan Hem\",\"url\":\"https:\\\/\\\/saknews.net\\\/ku\\\/?author=8\"}]}<\/script>\n<!-- \/ Yoast SEO plugin. -->","yoast_head_json":{"title":"Serok\u00ea Ber\u00ea Kurdistana S\u00fbriy\u00ea li \u015eam\u00ea bi Balyoz\u00ea Almanya re dicive &#8226; \u015eAK","robots":{"index":"index","follow":"follow","max-snippet":"max-snippet:-1","max-image-preview":"max-image-preview:large","max-video-preview":"max-video-preview:-1"},"canonical":"https:\/\/saknews.net\/ku\/?p=2707","og_locale":"en_US","og_type":"article","og_title":"Serok\u00ea Ber\u00ea Kurdistana S\u00fbriy\u00ea li \u015eam\u00ea bi Balyoz\u00ea Almanya re dicive &#8226; \u015eAK","og_description":"Ragihandineke \u00c7apemeniy\u00ea \u200b \u200bSerok\u00ea Ber\u00ea Kurdistana S\u00fbriy\u00ea, bir\u00eaz Siyamend Haco, li paytexta S\u00fbriy\u00ea, \u015eam\u00ea, bi...","og_url":"https:\/\/saknews.net\/ku\/?p=2707","og_site_name":"\u015eAK","article_publisher":"https:\/\/www.facebook.com\/Shepel.ewropa","article_published_time":"2025-11-11T08:23:07+00:00","article_modified_time":"2025-11-11T08:23:55+00:00","og_image":[{"width":1258,"height":828,"url":"https:\/\/saknews.net\/ku\/wp-content\/uploads\/2025\/11\/IMG-20251110-WA0009.jpg","type":"image\/jpeg"}],"author":"Horan Hem","twitter_card":"summary_large_image","twitter_misc":{"Written by":"Horan Hem","Est. reading time":"2 minutes"},"schema":{"@context":"https:\/\/schema.org","@graph":[{"@type":"Article","@id":"https:\/\/saknews.net\/ku\/?p=2707#article","isPartOf":{"@id":"https:\/\/saknews.net\/ku\/?p=2707"},"author":{"name":"Horan Hem","@id":"https:\/\/saknews.net\/ku\/#\/schema\/person\/72ae32a4041a3817e015b63d8f409058"},"headline":"Serok\u00ea Ber\u00ea Kurdistana S\u00fbriy\u00ea li \u015eam\u00ea bi Balyoz\u00ea Almanya re dicive","datePublished":"2025-11-11T08:23:07+00:00","dateModified":"2025-11-11T08:23:55+00:00","mainEntityOfPage":{"@id":"https:\/\/saknews.net\/ku\/?p=2707"},"wordCount":279,"publisher":{"@id":"https:\/\/saknews.net\/ku\/#organization"},"image":{"@id":"https:\/\/saknews.net\/ku\/?p=2707#primaryimage"},"thumbnailUrl":"https:\/\/i0.wp.com\/saknews.net\/ku\/wp-content\/uploads\/2025\/11\/IMG-20251110-WA0009.jpg?fit=1258%2C828&ssl=1","articleSection":["Ragihandin"],"inLanguage":"en-US"},{"@type":"WebPage","@id":"https:\/\/saknews.net\/ku\/?p=2707","url":"https:\/\/saknews.net\/ku\/?p=2707","name":"Serok\u00ea Ber\u00ea Kurdistana S\u00fbriy\u00ea li \u015eam\u00ea bi Balyoz\u00ea Almanya re dicive &#8226; \u015eAK","isPartOf":{"@id":"https:\/\/saknews.net\/ku\/#website"},"primaryImageOfPage":{"@id":"https:\/\/saknews.net\/ku\/?p=2707#primaryimage"},"image":{"@id":"https:\/\/saknews.net\/ku\/?p=2707#primaryimage"},"thumbnailUrl":"https:\/\/i0.wp.com\/saknews.net\/ku\/wp-content\/uploads\/2025\/11\/IMG-20251110-WA0009.jpg?fit=1258%2C828&ssl=1","datePublished":"2025-11-11T08:23:07+00:00","dateModified":"2025-11-11T08:23:55+00:00","breadcrumb":{"@id":"https:\/\/saknews.net\/ku\/?p=2707#breadcrumb"},"inLanguage":"en-US","potentialAction":[{"@type":"ReadAction","target":["https:\/\/saknews.net\/ku\/?p=2707"]}]},{"@type":"ImageObject","inLanguage":"en-US","@id":"https:\/\/saknews.net\/ku\/?p=2707#primaryimage","url":"https:\/\/i0.wp.com\/saknews.net\/ku\/wp-content\/uploads\/2025\/11\/IMG-20251110-WA0009.jpg?fit=1258%2C828&ssl=1","contentUrl":"https:\/\/i0.wp.com\/saknews.net\/ku\/wp-content\/uploads\/2025\/11\/IMG-20251110-WA0009.jpg?fit=1258%2C828&ssl=1","width":1258,"height":828},{"@type":"BreadcrumbList","@id":"https:\/\/saknews.net\/ku\/?p=2707#breadcrumb","itemListElement":[{"@type":"ListItem","position":1,"name":"\u0627\u0644\u0631\u0626\u064a\u0633\u064a\u0629","item":"https:\/\/saknews.net\/ku\/"},{"@type":"ListItem","position":2,"name":"Ragihandin","item":"https:\/\/saknews.net\/ku\/?cat=90"},{"@type":"ListItem","position":3,"name":"Serok\u00ea Ber\u00ea Kurdistana S\u00fbriy\u00ea li \u015eam\u00ea bi Balyoz\u00ea Almanya re dicive"}]},{"@type":"WebSite","@id":"https:\/\/saknews.net\/ku\/#website","url":"https:\/\/saknews.net\/ku\/","name":"S\u0327epe\u0302la Azadi\u0302 ya Kurdistani\u0302","description":"\u062a\u064a\u0627\u0631 \u0627\u0644\u062d\u0631\u064a\u0629 \u0627\u0644\u0643\u0648\u0631\u062f\u0633\u062a\u0627\u0646\u064a \u015eep\u00eala Azad\u00ee ya Kurdistan\u00ee","publisher":{"@id":"https:\/\/saknews.net\/ku\/#organization"},"potentialAction":[{"@type":"SearchAction","target":{"@type":"EntryPoint","urlTemplate":"https:\/\/saknews.net\/ku\/?s={search_term_string}"},"query-input":{"@type":"PropertyValueSpecification","valueRequired":true,"valueName":"search_term_string"}}],"inLanguage":"en-US"},{"@type":"Organization","@id":"https:\/\/saknews.net\/ku\/#organization","name":"\u015eep\u00eala Azadiy\u00ea ya Kurdistan\u00ea - \u062a\u064a\u0627\u0631 \u0627\u0644\u062d\u0631\u064a\u0629 \u0627\u0644\u0643\u0648\u0631\u062f\u0633\u062a\u0627\u0646\u064a","url":"https:\/\/saknews.net\/ku\/","logo":{"@type":"ImageObject","inLanguage":"en-US","@id":"https:\/\/saknews.net\/ku\/#\/schema\/logo\/image\/","url":"https:\/\/i0.wp.com\/saknews.net\/ku\/wp-content\/uploads\/2024\/11\/cropped-logo-1.png?fit=512%2C512&ssl=1","contentUrl":"https:\/\/i0.wp.com\/saknews.net\/ku\/wp-content\/uploads\/2024\/11\/cropped-logo-1.png?fit=512%2C512&ssl=1","width":512,"height":512,"caption":"\u015eep\u00eala Azadiy\u00ea ya Kurdistan\u00ea - \u062a\u064a\u0627\u0631 \u0627\u0644\u062d\u0631\u064a\u0629 \u0627\u0644\u0643\u0648\u0631\u062f\u0633\u062a\u0627\u0646\u064a"},"image":{"@id":"https:\/\/saknews.net\/ku\/#\/schema\/logo\/image\/"},"sameAs":["https:\/\/www.facebook.com\/Shepel.ewropa"]},{"@type":"Person","@id":"https:\/\/saknews.net\/ku\/#\/schema\/person\/72ae32a4041a3817e015b63d8f409058","name":"Horan Hem","url":"https:\/\/saknews.net\/ku\/?author=8"}]}},"featured_image_urls":{"full":["https:\/\/i0.wp.com\/saknews.net\/ku\/wp-content\/uploads\/2025\/11\/IMG-20251110-WA0009.jpg?fit=1258%2C828&ssl=1",1258,828,false],"thumbnail":["https:\/\/i0.wp.com\/saknews.net\/ku\/wp-content\/uploads\/2025\/11\/IMG-20251110-WA0009.jpg?resize=150%2C150&ssl=1",150,150,true],"medium":["https:\/\/i0.wp.com\/saknews.net\/ku\/wp-content\/uploads\/2025\/11\/IMG-20251110-WA0009.jpg?fit=300%2C197&ssl=1",300,197,true],"medium_large":["https:\/\/i0.wp.com\/saknews.net\/ku\/wp-content\/uploads\/2025\/11\/IMG-20251110-WA0009.jpg?fit=640%2C421&ssl=1",640,421,true],"large":["https:\/\/i0.wp.com\/saknews.net\/ku\/wp-content\/uploads\/2025\/11\/IMG-20251110-WA0009.jpg?fit=640%2C421&ssl=1",640,421,true],"1536x1536":["https:\/\/i0.wp.com\/saknews.net\/ku\/wp-content\/uploads\/2025\/11\/IMG-20251110-WA0009.jpg?fit=1258%2C828&ssl=1",1258,828,true],"2048x2048":["https:\/\/i0.wp.com\/saknews.net\/ku\/wp-content\/uploads\/2025\/11\/IMG-20251110-WA0009.jpg?fit=1258%2C828&ssl=1",1258,828,true],"covernews-featured":["https:\/\/i0.wp.com\/saknews.net\/ku\/wp-content\/uploads\/2025\/11\/IMG-20251110-WA0009.jpg?fit=1024%2C674&ssl=1",1024,674,true],"covernews-medium":["https:\/\/i0.wp.com\/saknews.net\/ku\/wp-content\/uploads\/2025\/11\/IMG-20251110-WA0009.jpg?resize=540%2C340&ssl=1",540,340,true]},"author_info":{"display_name":"Horan Hem","author_link":"https:\/\/saknews.net\/ku\/?author=8"},"category_info":"<a href=\"https:\/\/saknews.net\/ku\/?cat=90\" rel=\"category\">Ragihandin<\/a>","tag_info":"Ragihandin","comment_count":"0","_links":{"self":[{"href":"https:\/\/saknews.net\/ku\/index.php?rest_route=\/wp\/v2\/posts\/2707","targetHints":{"allow":["GET"]}}],"collection":[{"href":"https:\/\/saknews.net\/ku\/index.php?rest_route=\/wp\/v2\/posts"}],"about":[{"href":"https:\/\/saknews.net\/ku\/index.php?rest_route=\/wp\/v2\/types\/post"}],"author":[{"embeddable":true,"href":"https:\/\/saknews.net\/ku\/index.php?rest_route=\/wp\/v2\/users\/8"}],"replies":[{"embeddable":true,"href":"https:\/\/saknews.net\/ku\/index.php?rest_route=%2Fwp%2Fv2%2Fcomments&post=2707"}],"version-history":[{"count":2,"href":"https:\/\/saknews.net\/ku\/index.php?rest_route=\/wp\/v2\/posts\/2707\/revisions"}],"predecessor-version":[{"id":2711,"href":"https:\/\/saknews.net\/ku\/index.php?rest_route=\/wp\/v2\/posts\/2707\/revisions\/2711"}],"wp:featuredmedia":[{"embeddable":true,"href":"https:\/\/saknews.net\/ku\/index.php?rest_route=\/wp\/v2\/media\/2709"}],"wp:attachment":[{"href":"https:\/\/saknews.net\/ku\/index.php?rest_route=%2Fwp%2Fv2%2Fmedia&parent=2707"}],"wp:term":[{"taxonomy":"category","embeddable":true,"href":"https:\/\/saknews.net\/ku\/index.php?rest_route=%2Fwp%2Fv2%2Fcategories&post=2707"},{"taxonomy":"post_tag","embeddable":true,"href":"https:\/\/saknews.net\/ku\/index.php?rest_route=%2Fwp%2Fv2%2Ftags&post=2707"}],"curies":[{"name":"wp","href":"https:\/\/api.w.org\/{rel}","templated":true}]}}