{"id":2718,"date":"2025-11-29T11:10:48","date_gmt":"2025-11-29T11:10:48","guid":{"rendered":"https:\/\/saknews.net\/ku\/?p=2718"},"modified":"2025-11-29T11:10:48","modified_gmt":"2025-11-29T11:10:48","slug":"daxuyani-derbare-xwepesandanen-desthilatdariya-veguhez","status":"publish","type":"post","link":"https:\/\/saknews.net\/ku\/?p=2718","title":{"rendered":"Daxuyan\u00ee derbar\u00ea Xwep\u00ea\u015fandan\u00ean Desthilatdariya Veguh\u00eaz"},"content":{"rendered":"<p>\u200bBereya Kurdistana S\u00fbriy\u00ea b\u00fbyer\u00ean di xwep\u00ea\u015fandan\u00ean \u015eam\u00ea de, y\u00ean ku ji aliy\u00ea Hik\u00fbmeta Veguh\u00eaz ve li ser derbasb\u00fbna salek\u00ea li ser \u015fer\u00ea &#8220;Desteya Tehr\u00eer El-\u015eam&#8221; HTS li dij\u00ee rej\u00eema S\u00fbriy\u00ea, hatin lidarxistin, \u015fermezar dike, ku t\u00eade dir\u00fb\u015fm\u00ean sivikatiy\u00ea li dij\u00ee Kurdan hatin bilindkirin \u00fb b\u00fbyer veguher\u00ee platformek ji bo gurkirina nijadperestiy\u00ea. <\/p>\n<p>\u200bTi\u015ft\u00ea b\u00fbye e\u015fkere dike, ku Desthilatdariya hey\u00ee hevkarek\u00ee ji xwe re di dewlet\u00ea \u00fb standina biryar\u00ea de naxwaze, m\u00eena ku S\u00fbriye milk\u00ea w\u00ea y\u00ea taybet be. Ev yek pi\u015ftrast dike ku hi\u015fmendiya zordar \u00fb nijadperest tev\u00ee hilwe\u015fandina rej\u00eema Esed neguheriye, l\u00ea bel\u00ea ten\u00ea \u015fikl hatiye guhertin l\u00ea naverok maye.<\/p>\n<p>\u200bEv kiryar pi\u015ftrast dikin ku Desthilatdariya Veguh\u00eaz bi hi\u015fmendiya d\u00fbrxistin\u00ea tevdigere, ku jiyana hevbe\u015f a di navbera S\u00fbriyan de ne mumkin dibe, \u00fb rasterast a\u015ftiya civak\u00ee dixe xeter\u00ea, \u00fb wel\u00eat ber bi r\u00fbbir\u00fbb\u00fbn\u00ean navxwey\u00ee y\u00ean b\u00eabingeh ve dibe. <\/p>\n<p>\u200bBereya Kurdistana S\u00fbriy\u00ea, Hik\u00fbmeta Veguh\u00eaz ji ber ti\u015ft\u00ean ku qewim\u00een \u00fb ji ber encam\u00ean w\u00ea y\u00ean ku dibe derkevin, bi temam\u00ee berpirsiyar dib\u00eene, ku w\u00ea banga xwep\u00ea\u015fandan\u00ea kirib\u00fb \u00fb gurrkirin ranewestand. Herwiha Bereya Kurdistana S\u00fbriy\u00ea daxwaz ji Hik\u00fbmeta Veguh\u00eaz dike, daxwaza l\u00eabor\u00eeneke ferm\u00ee ji gel\u00ea Kurd bike, \u00fb r\u00eay\u00ean zelal ji bo sizakirina wan kes\u00ean ku gurrkirin dikirin, b\u00ea kirin \u00fb ziman\u00ea nijadperest bisekin\u00eene. <\/p>\n<p>\u200bBerdewamiya v\u00ea riftar\u00ea li hember p\u00eakhatey\u00ean S\u00fbriy\u00ea, r\u00ea li ber avakirina S\u00fbriyeke n\u00fb, seqamg\u00eer \u00fb berpirsiyar venake. P\u00eaw\u00eest e hem\u00fb h\u00eaz\u00ean ni\u015ftiman\u00ee li dij\u00ee v\u00ea r\u00eabaz\u00ea bisekinin \u00fb kar ji bo parastina ti\u015ft\u00ea may\u00ee ji a\u015ftiya civak\u00ee bikin \u00fb r\u00ea li ber teqandina aloziy\u00ean navxwey\u00ee bigirin, ku s\u00fbda ti al\u00ee t\u00eade n\u00eene. <\/p>\n<p>\u200bBereya Kurdistana S\u00fbriy\u00ea<br \/>\n29.11.2025<\/p>\n","protected":false},"excerpt":{"rendered":"<p>\u200bBereya Kurdistana S\u00fbriy\u00ea b\u00fbyer\u00ean di xwep\u00ea\u015fandan\u00ean \u015eam\u00ea de, y\u00ean ku ji aliy\u00ea Hik\u00fbmeta Veguh\u00eaz ve&#8230;<\/p>\n","protected":false},"author":8,"featured_media":2224,"comment_status":"closed","ping_status":"closed","sticky":false,"template":"","format":"standard","meta":{"footnotes":""},"categories":[34],"tags":[],"class_list":["post-2718","post","type-post","status-publish","format-standard","has-post-thumbnail","hentry","category-daxuyani"],"yoast_head":"<!-- This site is optimized with the Yoast SEO plugin v27.5 - https:\/\/yoast.com\/product\/yoast-seo-wordpress\/ -->\n<title>Daxuyan\u00ee derbar\u00ea Xwep\u00ea\u015fandan\u00ean Desthilatdariya Veguh\u00eaz &#8226; \u015eAK<\/title>\n<meta name=\"robots\" content=\"index, follow, max-snippet:-1, max-image-preview:large, max-video-preview:-1\" \/>\n<link rel=\"canonical\" href=\"https:\/\/saknews.net\/ku\/?p=2718\" \/>\n<meta property=\"og:locale\" content=\"en_US\" \/>\n<meta property=\"og:type\" content=\"article\" \/>\n<meta property=\"og:title\" content=\"Daxuyan\u00ee derbar\u00ea Xwep\u00ea\u015fandan\u00ean Desthilatdariya Veguh\u00eaz &#8226; \u015eAK\" \/>\n<meta property=\"og:description\" content=\"\u200bBereya Kurdistana S\u00fbriy\u00ea b\u00fbyer\u00ean di xwep\u00ea\u015fandan\u00ean \u015eam\u00ea de, y\u00ean ku ji aliy\u00ea Hik\u00fbmeta Veguh\u00eaz ve...\" \/>\n<meta property=\"og:url\" content=\"https:\/\/saknews.net\/ku\/?p=2718\" \/>\n<meta property=\"og:site_name\" content=\"\u015eAK\" \/>\n<meta property=\"article:publisher\" content=\"https:\/\/www.facebook.com\/Shepel.ewropa\" \/>\n<meta property=\"article:published_time\" content=\"2025-11-29T11:10:48+00:00\" \/>\n<meta property=\"og:image\" content=\"https:\/\/saknews.net\/ku\/wp-content\/uploads\/2025\/04\/f192ad4a-279e-4308-955e-daf5777acfc5.jpeg\" \/>\n\t<meta property=\"og:image:width\" content=\"1080\" \/>\n\t<meta property=\"og:image:height\" content=\"1079\" \/>\n\t<meta property=\"og:image:type\" content=\"image\/jpeg\" \/>\n<meta name=\"author\" content=\"Horan Hem\" \/>\n<meta name=\"twitter:card\" content=\"summary_large_image\" \/>\n<meta name=\"twitter:label1\" content=\"Written by\" \/>\n\t<meta name=\"twitter:data1\" content=\"Horan Hem\" \/>\n\t<meta name=\"twitter:label2\" content=\"Est. reading time\" \/>\n\t<meta name=\"twitter:data2\" content=\"1 minute\" \/>\n<script type=\"application\/ld+json\" class=\"yoast-schema-graph\">{\"@context\":\"https:\\\/\\\/schema.org\",\"@graph\":[{\"@type\":\"Article\",\"@id\":\"https:\\\/\\\/saknews.net\\\/ku\\\/?p=2718#article\",\"isPartOf\":{\"@id\":\"https:\\\/\\\/saknews.net\\\/ku\\\/?p=2718\"},\"author\":{\"name\":\"Horan Hem\",\"@id\":\"https:\\\/\\\/saknews.net\\\/ku\\\/#\\\/schema\\\/person\\\/72ae32a4041a3817e015b63d8f409058\"},\"headline\":\"Daxuyan\u00ee derbar\u00ea Xwep\u00ea\u015fandan\u00ean Desthilatdariya Veguh\u00eaz\",\"datePublished\":\"2025-11-29T11:10:48+00:00\",\"mainEntityOfPage\":{\"@id\":\"https:\\\/\\\/saknews.net\\\/ku\\\/?p=2718\"},\"wordCount\":329,\"publisher\":{\"@id\":\"https:\\\/\\\/saknews.net\\\/ku\\\/#organization\"},\"image\":{\"@id\":\"https:\\\/\\\/saknews.net\\\/ku\\\/?p=2718#primaryimage\"},\"thumbnailUrl\":\"https:\\\/\\\/i0.wp.com\\\/saknews.net\\\/ku\\\/wp-content\\\/uploads\\\/2025\\\/04\\\/f192ad4a-279e-4308-955e-daf5777acfc5.jpeg?fit=1080%2C1079&ssl=1\",\"articleSection\":[\"Daxuyan\u00ee\"],\"inLanguage\":\"en-US\"},{\"@type\":\"WebPage\",\"@id\":\"https:\\\/\\\/saknews.net\\\/ku\\\/?p=2718\",\"url\":\"https:\\\/\\\/saknews.net\\\/ku\\\/?p=2718\",\"name\":\"Daxuyan\u00ee derbar\u00ea Xwep\u00ea\u015fandan\u00ean Desthilatdariya Veguh\u00eaz &#8226; \u015eAK\",\"isPartOf\":{\"@id\":\"https:\\\/\\\/saknews.net\\\/ku\\\/#website\"},\"primaryImageOfPage\":{\"@id\":\"https:\\\/\\\/saknews.net\\\/ku\\\/?p=2718#primaryimage\"},\"image\":{\"@id\":\"https:\\\/\\\/saknews.net\\\/ku\\\/?p=2718#primaryimage\"},\"thumbnailUrl\":\"https:\\\/\\\/i0.wp.com\\\/saknews.net\\\/ku\\\/wp-content\\\/uploads\\\/2025\\\/04\\\/f192ad4a-279e-4308-955e-daf5777acfc5.jpeg?fit=1080%2C1079&ssl=1\",\"datePublished\":\"2025-11-29T11:10:48+00:00\",\"breadcrumb\":{\"@id\":\"https:\\\/\\\/saknews.net\\\/ku\\\/?p=2718#breadcrumb\"},\"inLanguage\":\"en-US\",\"potentialAction\":[{\"@type\":\"ReadAction\",\"target\":[\"https:\\\/\\\/saknews.net\\\/ku\\\/?p=2718\"]}]},{\"@type\":\"ImageObject\",\"inLanguage\":\"en-US\",\"@id\":\"https:\\\/\\\/saknews.net\\\/ku\\\/?p=2718#primaryimage\",\"url\":\"https:\\\/\\\/i0.wp.com\\\/saknews.net\\\/ku\\\/wp-content\\\/uploads\\\/2025\\\/04\\\/f192ad4a-279e-4308-955e-daf5777acfc5.jpeg?fit=1080%2C1079&ssl=1\",\"contentUrl\":\"https:\\\/\\\/i0.wp.com\\\/saknews.net\\\/ku\\\/wp-content\\\/uploads\\\/2025\\\/04\\\/f192ad4a-279e-4308-955e-daf5777acfc5.jpeg?fit=1080%2C1079&ssl=1\",\"width\":1080,\"height\":1079},{\"@type\":\"BreadcrumbList\",\"@id\":\"https:\\\/\\\/saknews.net\\\/ku\\\/?p=2718#breadcrumb\",\"itemListElement\":[{\"@type\":\"ListItem\",\"position\":1,\"name\":\"\u0627\u0644\u0631\u0626\u064a\u0633\u064a\u0629\",\"item\":\"https:\\\/\\\/saknews.net\\\/ku\\\/\"},{\"@type\":\"ListItem\",\"position\":2,\"name\":\"N\u00fb\u00e7e\",\"item\":\"https:\\\/\\\/saknews.net\\\/ku\\\/?cat=49\"},{\"@type\":\"ListItem\",\"position\":3,\"name\":\"Daxuyan\u00ee\",\"item\":\"https:\\\/\\\/saknews.net\\\/ku\\\/?cat=34\"},{\"@type\":\"ListItem\",\"position\":4,\"name\":\"Daxuyan\u00ee derbar\u00ea Xwep\u00ea\u015fandan\u00ean Desthilatdariya Veguh\u00eaz\"}]},{\"@type\":\"WebSite\",\"@id\":\"https:\\\/\\\/saknews.net\\\/ku\\\/#website\",\"url\":\"https:\\\/\\\/saknews.net\\\/ku\\\/\",\"name\":\"S\u0327epe\u0302la Azadi\u0302 ya Kurdistani\u0302\",\"description\":\"\u062a\u064a\u0627\u0631 \u0627\u0644\u062d\u0631\u064a\u0629 \u0627\u0644\u0643\u0648\u0631\u062f\u0633\u062a\u0627\u0646\u064a \u015eep\u00eala Azad\u00ee ya Kurdistan\u00ee\",\"publisher\":{\"@id\":\"https:\\\/\\\/saknews.net\\\/ku\\\/#organization\"},\"potentialAction\":[{\"@type\":\"SearchAction\",\"target\":{\"@type\":\"EntryPoint\",\"urlTemplate\":\"https:\\\/\\\/saknews.net\\\/ku\\\/?s={search_term_string}\"},\"query-input\":{\"@type\":\"PropertyValueSpecification\",\"valueRequired\":true,\"valueName\":\"search_term_string\"}}],\"inLanguage\":\"en-US\"},{\"@type\":\"Organization\",\"@id\":\"https:\\\/\\\/saknews.net\\\/ku\\\/#organization\",\"name\":\"\u015eep\u00eala Azadiy\u00ea ya Kurdistan\u00ea - \u062a\u064a\u0627\u0631 \u0627\u0644\u062d\u0631\u064a\u0629 \u0627\u0644\u0643\u0648\u0631\u062f\u0633\u062a\u0627\u0646\u064a\",\"url\":\"https:\\\/\\\/saknews.net\\\/ku\\\/\",\"logo\":{\"@type\":\"ImageObject\",\"inLanguage\":\"en-US\",\"@id\":\"https:\\\/\\\/saknews.net\\\/ku\\\/#\\\/schema\\\/logo\\\/image\\\/\",\"url\":\"https:\\\/\\\/i0.wp.com\\\/saknews.net\\\/ku\\\/wp-content\\\/uploads\\\/2024\\\/11\\\/cropped-logo-1.png?fit=512%2C512&ssl=1\",\"contentUrl\":\"https:\\\/\\\/i0.wp.com\\\/saknews.net\\\/ku\\\/wp-content\\\/uploads\\\/2024\\\/11\\\/cropped-logo-1.png?fit=512%2C512&ssl=1\",\"width\":512,\"height\":512,\"caption\":\"\u015eep\u00eala Azadiy\u00ea ya Kurdistan\u00ea - \u062a\u064a\u0627\u0631 \u0627\u0644\u062d\u0631\u064a\u0629 \u0627\u0644\u0643\u0648\u0631\u062f\u0633\u062a\u0627\u0646\u064a\"},\"image\":{\"@id\":\"https:\\\/\\\/saknews.net\\\/ku\\\/#\\\/schema\\\/logo\\\/image\\\/\"},\"sameAs\":[\"https:\\\/\\\/www.facebook.com\\\/Shepel.ewropa\"]},{\"@type\":\"Person\",\"@id\":\"https:\\\/\\\/saknews.net\\\/ku\\\/#\\\/schema\\\/person\\\/72ae32a4041a3817e015b63d8f409058\",\"name\":\"Horan Hem\",\"url\":\"https:\\\/\\\/saknews.net\\\/ku\\\/?author=8\"}]}<\/script>\n<!-- \/ Yoast SEO plugin. -->","yoast_head_json":{"title":"Daxuyan\u00ee derbar\u00ea Xwep\u00ea\u015fandan\u00ean Desthilatdariya Veguh\u00eaz &#8226; \u015eAK","robots":{"index":"index","follow":"follow","max-snippet":"max-snippet:-1","max-image-preview":"max-image-preview:large","max-video-preview":"max-video-preview:-1"},"canonical":"https:\/\/saknews.net\/ku\/?p=2718","og_locale":"en_US","og_type":"article","og_title":"Daxuyan\u00ee derbar\u00ea Xwep\u00ea\u015fandan\u00ean Desthilatdariya Veguh\u00eaz &#8226; \u015eAK","og_description":"\u200bBereya Kurdistana S\u00fbriy\u00ea b\u00fbyer\u00ean di xwep\u00ea\u015fandan\u00ean \u015eam\u00ea de, y\u00ean ku ji aliy\u00ea Hik\u00fbmeta Veguh\u00eaz ve...","og_url":"https:\/\/saknews.net\/ku\/?p=2718","og_site_name":"\u015eAK","article_publisher":"https:\/\/www.facebook.com\/Shepel.ewropa","article_published_time":"2025-11-29T11:10:48+00:00","og_image":[{"width":1080,"height":1079,"url":"https:\/\/saknews.net\/ku\/wp-content\/uploads\/2025\/04\/f192ad4a-279e-4308-955e-daf5777acfc5.jpeg","type":"image\/jpeg"}],"author":"Horan Hem","twitter_card":"summary_large_image","twitter_misc":{"Written by":"Horan Hem","Est. reading time":"1 minute"},"schema":{"@context":"https:\/\/schema.org","@graph":[{"@type":"Article","@id":"https:\/\/saknews.net\/ku\/?p=2718#article","isPartOf":{"@id":"https:\/\/saknews.net\/ku\/?p=2718"},"author":{"name":"Horan Hem","@id":"https:\/\/saknews.net\/ku\/#\/schema\/person\/72ae32a4041a3817e015b63d8f409058"},"headline":"Daxuyan\u00ee derbar\u00ea Xwep\u00ea\u015fandan\u00ean Desthilatdariya Veguh\u00eaz","datePublished":"2025-11-29T11:10:48+00:00","mainEntityOfPage":{"@id":"https:\/\/saknews.net\/ku\/?p=2718"},"wordCount":329,"publisher":{"@id":"https:\/\/saknews.net\/ku\/#organization"},"image":{"@id":"https:\/\/saknews.net\/ku\/?p=2718#primaryimage"},"thumbnailUrl":"https:\/\/i0.wp.com\/saknews.net\/ku\/wp-content\/uploads\/2025\/04\/f192ad4a-279e-4308-955e-daf5777acfc5.jpeg?fit=1080%2C1079&ssl=1","articleSection":["Daxuyan\u00ee"],"inLanguage":"en-US"},{"@type":"WebPage","@id":"https:\/\/saknews.net\/ku\/?p=2718","url":"https:\/\/saknews.net\/ku\/?p=2718","name":"Daxuyan\u00ee derbar\u00ea Xwep\u00ea\u015fandan\u00ean Desthilatdariya Veguh\u00eaz &#8226; \u015eAK","isPartOf":{"@id":"https:\/\/saknews.net\/ku\/#website"},"primaryImageOfPage":{"@id":"https:\/\/saknews.net\/ku\/?p=2718#primaryimage"},"image":{"@id":"https:\/\/saknews.net\/ku\/?p=2718#primaryimage"},"thumbnailUrl":"https:\/\/i0.wp.com\/saknews.net\/ku\/wp-content\/uploads\/2025\/04\/f192ad4a-279e-4308-955e-daf5777acfc5.jpeg?fit=1080%2C1079&ssl=1","datePublished":"2025-11-29T11:10:48+00:00","breadcrumb":{"@id":"https:\/\/saknews.net\/ku\/?p=2718#breadcrumb"},"inLanguage":"en-US","potentialAction":[{"@type":"ReadAction","target":["https:\/\/saknews.net\/ku\/?p=2718"]}]},{"@type":"ImageObject","inLanguage":"en-US","@id":"https:\/\/saknews.net\/ku\/?p=2718#primaryimage","url":"https:\/\/i0.wp.com\/saknews.net\/ku\/wp-content\/uploads\/2025\/04\/f192ad4a-279e-4308-955e-daf5777acfc5.jpeg?fit=1080%2C1079&ssl=1","contentUrl":"https:\/\/i0.wp.com\/saknews.net\/ku\/wp-content\/uploads\/2025\/04\/f192ad4a-279e-4308-955e-daf5777acfc5.jpeg?fit=1080%2C1079&ssl=1","width":1080,"height":1079},{"@type":"BreadcrumbList","@id":"https:\/\/saknews.net\/ku\/?p=2718#breadcrumb","itemListElement":[{"@type":"ListItem","position":1,"name":"\u0627\u0644\u0631\u0626\u064a\u0633\u064a\u0629","item":"https:\/\/saknews.net\/ku\/"},{"@type":"ListItem","position":2,"name":"N\u00fb\u00e7e","item":"https:\/\/saknews.net\/ku\/?cat=49"},{"@type":"ListItem","position":3,"name":"Daxuyan\u00ee","item":"https:\/\/saknews.net\/ku\/?cat=34"},{"@type":"ListItem","position":4,"name":"Daxuyan\u00ee derbar\u00ea Xwep\u00ea\u015fandan\u00ean Desthilatdariya Veguh\u00eaz"}]},{"@type":"WebSite","@id":"https:\/\/saknews.net\/ku\/#website","url":"https:\/\/saknews.net\/ku\/","name":"S\u0327epe\u0302la Azadi\u0302 ya Kurdistani\u0302","description":"\u062a\u064a\u0627\u0631 \u0627\u0644\u062d\u0631\u064a\u0629 \u0627\u0644\u0643\u0648\u0631\u062f\u0633\u062a\u0627\u0646\u064a \u015eep\u00eala Azad\u00ee ya Kurdistan\u00ee","publisher":{"@id":"https:\/\/saknews.net\/ku\/#organization"},"potentialAction":[{"@type":"SearchAction","target":{"@type":"EntryPoint","urlTemplate":"https:\/\/saknews.net\/ku\/?s={search_term_string}"},"query-input":{"@type":"PropertyValueSpecification","valueRequired":true,"valueName":"search_term_string"}}],"inLanguage":"en-US"},{"@type":"Organization","@id":"https:\/\/saknews.net\/ku\/#organization","name":"\u015eep\u00eala Azadiy\u00ea ya Kurdistan\u00ea - \u062a\u064a\u0627\u0631 \u0627\u0644\u062d\u0631\u064a\u0629 \u0627\u0644\u0643\u0648\u0631\u062f\u0633\u062a\u0627\u0646\u064a","url":"https:\/\/saknews.net\/ku\/","logo":{"@type":"ImageObject","inLanguage":"en-US","@id":"https:\/\/saknews.net\/ku\/#\/schema\/logo\/image\/","url":"https:\/\/i0.wp.com\/saknews.net\/ku\/wp-content\/uploads\/2024\/11\/cropped-logo-1.png?fit=512%2C512&ssl=1","contentUrl":"https:\/\/i0.wp.com\/saknews.net\/ku\/wp-content\/uploads\/2024\/11\/cropped-logo-1.png?fit=512%2C512&ssl=1","width":512,"height":512,"caption":"\u015eep\u00eala Azadiy\u00ea ya Kurdistan\u00ea - \u062a\u064a\u0627\u0631 \u0627\u0644\u062d\u0631\u064a\u0629 \u0627\u0644\u0643\u0648\u0631\u062f\u0633\u062a\u0627\u0646\u064a"},"image":{"@id":"https:\/\/saknews.net\/ku\/#\/schema\/logo\/image\/"},"sameAs":["https:\/\/www.facebook.com\/Shepel.ewropa"]},{"@type":"Person","@id":"https:\/\/saknews.net\/ku\/#\/schema\/person\/72ae32a4041a3817e015b63d8f409058","name":"Horan Hem","url":"https:\/\/saknews.net\/ku\/?author=8"}]}},"featured_image_urls":{"full":["https:\/\/i0.wp.com\/saknews.net\/ku\/wp-content\/uploads\/2025\/04\/f192ad4a-279e-4308-955e-daf5777acfc5.jpeg?fit=1080%2C1079&ssl=1",1080,1079,false],"thumbnail":["https:\/\/i0.wp.com\/saknews.net\/ku\/wp-content\/uploads\/2025\/04\/f192ad4a-279e-4308-955e-daf5777acfc5.jpeg?resize=150%2C150&ssl=1",150,150,true],"medium":["https:\/\/i0.wp.com\/saknews.net\/ku\/wp-content\/uploads\/2025\/04\/f192ad4a-279e-4308-955e-daf5777acfc5.jpeg?fit=300%2C300&ssl=1",300,300,true],"medium_large":["https:\/\/i0.wp.com\/saknews.net\/ku\/wp-content\/uploads\/2025\/04\/f192ad4a-279e-4308-955e-daf5777acfc5.jpeg?fit=640%2C639&ssl=1",640,639,true],"large":["https:\/\/i0.wp.com\/saknews.net\/ku\/wp-content\/uploads\/2025\/04\/f192ad4a-279e-4308-955e-daf5777acfc5.jpeg?fit=640%2C640&ssl=1",640,640,true],"1536x1536":["https:\/\/i0.wp.com\/saknews.net\/ku\/wp-content\/uploads\/2025\/04\/f192ad4a-279e-4308-955e-daf5777acfc5.jpeg?fit=1080%2C1079&ssl=1",1080,1079,true],"2048x2048":["https:\/\/i0.wp.com\/saknews.net\/ku\/wp-content\/uploads\/2025\/04\/f192ad4a-279e-4308-955e-daf5777acfc5.jpeg?fit=1080%2C1079&ssl=1",1080,1079,true],"covernews-featured":["https:\/\/i0.wp.com\/saknews.net\/ku\/wp-content\/uploads\/2025\/04\/f192ad4a-279e-4308-955e-daf5777acfc5.jpeg?fit=1024%2C1023&ssl=1",1024,1023,true],"covernews-medium":["https:\/\/i0.wp.com\/saknews.net\/ku\/wp-content\/uploads\/2025\/04\/f192ad4a-279e-4308-955e-daf5777acfc5.jpeg?resize=540%2C340&ssl=1",540,340,true]},"author_info":{"display_name":"Horan Hem","author_link":"https:\/\/saknews.net\/ku\/?author=8"},"category_info":"<a href=\"https:\/\/saknews.net\/ku\/?cat=34\" rel=\"category\">Daxuyan\u00ee<\/a>","tag_info":"Daxuyan\u00ee","comment_count":"0","_links":{"self":[{"href":"https:\/\/saknews.net\/ku\/index.php?rest_route=\/wp\/v2\/posts\/2718","targetHints":{"allow":["GET"]}}],"collection":[{"href":"https:\/\/saknews.net\/ku\/index.php?rest_route=\/wp\/v2\/posts"}],"about":[{"href":"https:\/\/saknews.net\/ku\/index.php?rest_route=\/wp\/v2\/types\/post"}],"author":[{"embeddable":true,"href":"https:\/\/saknews.net\/ku\/index.php?rest_route=\/wp\/v2\/users\/8"}],"replies":[{"embeddable":true,"href":"https:\/\/saknews.net\/ku\/index.php?rest_route=%2Fwp%2Fv2%2Fcomments&post=2718"}],"version-history":[{"count":1,"href":"https:\/\/saknews.net\/ku\/index.php?rest_route=\/wp\/v2\/posts\/2718\/revisions"}],"predecessor-version":[{"id":2719,"href":"https:\/\/saknews.net\/ku\/index.php?rest_route=\/wp\/v2\/posts\/2718\/revisions\/2719"}],"wp:featuredmedia":[{"embeddable":true,"href":"https:\/\/saknews.net\/ku\/index.php?rest_route=\/wp\/v2\/media\/2224"}],"wp:attachment":[{"href":"https:\/\/saknews.net\/ku\/index.php?rest_route=%2Fwp%2Fv2%2Fmedia&parent=2718"}],"wp:term":[{"taxonomy":"category","embeddable":true,"href":"https:\/\/saknews.net\/ku\/index.php?rest_route=%2Fwp%2Fv2%2Fcategories&post=2718"},{"taxonomy":"post_tag","embeddable":true,"href":"https:\/\/saknews.net\/ku\/index.php?rest_route=%2Fwp%2Fv2%2Ftags&post=2718"}],"curies":[{"name":"wp","href":"https:\/\/api.w.org\/{rel}","templated":true}]}}