{"id":2722,"date":"2025-12-06T13:47:18","date_gmt":"2025-12-06T13:47:18","guid":{"rendered":"https:\/\/saknews.net\/ku\/?p=2722"},"modified":"2025-12-06T16:14:39","modified_gmt":"2025-12-06T16:14:39","slug":"li-ser-salvegera-diroki-ya-hilwesina-rejime-u-pistrastkirina-reya-nenavendikirin-u-federalizme","status":"publish","type":"post","link":"https:\/\/saknews.net\/ku\/?p=2722","title":{"rendered":"Li ser Salvegera D\u00eerok\u00ee ya Hilwe\u015f\u00eena Rej\u00eem\u00ea \u00fb Pi\u015ftrastkirina R\u00eaya Federal\u00eezm\u00ea"},"content":{"rendered":"<p>Daxuyaniya \u015fep\u00eala Azad\u00ee ya Kurdistan\u00ee  ji bo Raya Gi\u015ft\u00ee<\/p>\n<p>\u25aa\ufe0e S\u00fbr\u00ee\u2026 Kurd, li ku der\u00ea bin\u2026<br \/>\n\u00cero salvegera yekem a ti\u015ft\u00ea ku S\u00fbr\u00ee bawer dikirin ku d\u00ea deriy\u00ea rizgariy\u00ea ji rej\u00eema bav-kur be, rej\u00eemek ku welat bi dehsalan zordar\u00ee, zilm \u00fb zordariya mirovan, j\u00eabirina nasnameyan \u00fb binp\u00eakirina hem\u00ee nirx\u00ean hemwelat\u00eeb\u00fbn \u00fb edalet\u00ea bargiran kir, n\u00ee\u015fan dide. Di Adara 2011an de, S\u00fbr\u00ee di xwep\u00ea\u015fandan\u00ean mezin de derketin kolanan, daxwaza azad\u00ee \u00fb r\u00fbmet\u00ea kirin, bi baweriya ku S\u00fbriye d\u00ea careke din bibe welatek ji bo hem\u00ee gel\u00ea xwe.<\/p>\n<p>L\u00eabel\u00ea, \u015fore\u015fa a\u015ftiyane z\u00fb veguher\u00ee qadeke pev\u00e7\u00fbn\u00ean navnetewey\u00ee, bi \u00ceran, R\u00fbsya, mil\u00ees\u00ean mezheb\u00ee \u00fb Hizbullah destwerdan kirin da ku pi\u015ftgiriy\u00ea bidin rej\u00eem\u00ea, di heman dem\u00ea de h\u00eaz\u00ean nakok li gor\u00ee berjewendiy\u00ean teng \u00ean ku ne gir\u00eaday\u00ee daxwaz\u00ean gel\u00ea S\u00fbriyey\u00ea ne, be\u015fdar\u00ee pi\u015ftgiriya aliy\u00ean muxalefet\u00ea b\u00fbn. Bi v\u00ee reng\u00ee, welat veguher\u00ee qadeke hilwe\u015fandina binesaziy\u00ea \u00fb hilwe\u015f\u00eena civak\u00ea.<\/p>\n<p>Bi hilwe\u015f\u00eena rej\u00eem\u00ea bi r\u00eaya peymanek navnetewey\u00ee, Ehmed El-\u015eeraa, ku w\u00ea dem\u00ea wek\u00ee Eb\u00fb Mihemed El-C\u00fblan\u00ee dihat nas\u00een, wek\u00ee l\u00eestikvanek\u00ee n\u00fb derket hol\u00ea ku ber bi \u015eam\u00ea ve di\u00e7e, digih\u00eeje Qesra Serokkomariy\u00ea \u00fb xwe wek\u00ee serok\u00ea demk\u00ee y\u00ea qonaxa veguh\u00eaz \u00eelan dike. Soz\u00ean berfireh da, l\u00ea heman prat\u00eek\u00ean d\u00fbrxistin\u00ea dubare kir. Konferansa Serkeftin\u00ea ragihand \u00fb serok\u00ean kom\u00ean ku di asta navnetewey\u00ee de dihatin xwestin vexwendin, di heman dem\u00ea de hem\u00fb p\u00eakhatey\u00ean sereke y\u00ean gel\u00ea S\u00fbriyey\u00ea ji hol\u00ea rakir: Kurd, Suryan\u00ee, As\u00fbr\u00ee, Durz\u00ee, Elew\u00ee \u00fb Tirkmen.<\/p>\n<p>Her ku pev\u00e7\u00fbn gurr dib\u00fb, hin kom\u00ean \u00e7ekdar bi hinceta r\u00fbbir\u00fbb\u00fbna bermahiy\u00ean rej\u00eem\u00ea dest bi \u00ear\u00ee\u015fan li ser dever\u00ean Elew\u00ee \u00fb Durz\u00ee kirin, di heman dem\u00ea de armanc zelal b\u00fb: par\u00e7ekirina civak\u00ea \u00fb ferzkirina mantiqa h\u00eaz\u00ea li ser hesab\u00ea edalet \u00fb hemwelat\u00eeb\u00fbn\u00ea. Ev d\u00fbrketin ji prens\u00eeb\u00ean \u015fore\u015fa a\u015ftiyane be\u015fdar\u00ee hilwe\u015f\u00eena tevna civak\u00ee ya S\u00fbriyey\u00ea b\u00fb \u00fb b\u00fb sedema aloziy\u00ean b\u00eahempa di navbera kom\u00ean c\u00fbda de.<\/p>\n<p>D\u00fbv re banga Konferansa Diyaloga Netewey\u00ee hat, ku guhertoyek din a d\u00fbrxistin\u00ea b\u00fb. Vexwendnamey\u00ean taybet \u00fb bijart\u00ee ji bo kes\u00ean ku bi rej\u00eem\u00ea re hevbend in, p\u00eavajoyek dest\u00fbr\u00ee ya li gor\u00ee hewcedariy\u00ean w\u00ea, \u00fb hilbijartin\u00ean parleman\u00ee ku du ji s\u00eayan kursiyan li gor\u00ee w\u00ea hatine misogerkirin &#8211; van hem\u00fbyan n\u00ee\u015fan da ku navend\u00eeb\u00fbn nehatiye terikandin, l\u00ea bel\u00ea bi rengek\u00ee n\u00fb li ser hesab\u00ea demokras\u00ee \u00fb hevkariya rast\u00een hatiye hilberandin.<\/p>\n<p>\u25aa\ufe0e Ey S\u00fbr\u00eeyey\u00ee\u2026<br \/>\nMe ten\u00ea ji bo gih\u00ee\u015ftina nakokiy\u00ean mezheb\u00ee \u00fb etn\u00eek\u00ee y\u00ean ku em \u00eero p\u00ea re r\u00fb bi r\u00fb ne \u00fb \u00eenkarkirina maf\u00ean gel\u00ean ku giyan\u00ea S\u00fbriyey\u00ea p\u00eak t\u00eenin, t\u00eako\u015f\u00een \u00fb li k\u00ealeka \u015fore\u015f\u00ea nesekin\u00ee. Em di Tevgera Azadiya Kurd de bawer dikin ku \u00e7areser\u00ee bi naskirina rast\u00een a cih\u00earengiy\u00ea dest p\u00ea dike, deriy\u00ea diyaloga berfireh a b\u00ea her c\u00fbre wesayet\u00ea vedike, \u00fb avakirina pergalek siyas\u00ee ya n\u00fb ku ti p\u00eakhateyek ji civaka me dernaxe.<\/p>\n<p>\u25aa\ufe0e Ey kur \u00fb ke\u00e7\u00ean gel\u00ea me y\u00ea Kurd\u2026<\/p>\n<p>H\u00fbn her gav be\u015fek yekgirt\u00ee ya \u015fore\u015f\u00ea b\u00fbn, \u00fb h\u00fbn bi xewna guhertin\u00ea re rawestiyan dema ku gelek\u00ean din j\u00ea d\u00fbr ketin. We ji bil\u00ee ala azadiy\u00ea ti\u015ftek din bilind nekir, \u00fb we ji bil\u00ee naskirina nasnameya xwe ya netewey\u00ee \u00fb maf\u00ean xwe y\u00ean siyas\u00ee, \u00fb S\u00fbriyeyek ku her kes b\u00eay\u00ee serdest\u00ee an serdestiy\u00ea be\u015fdar dibe ti\u015ftek din xwest. \u00cero, em pi\u015ftrast dikin ku maf\u00ean netewey\u00ee ne qenciyek ji aliy\u00ea kes\u00ee ve hatiye day\u00een, ne j\u00ee xalek dan\u00fbstandin\u00ea ne, l\u00ea bel\u00ea st\u00fbnek bingeh\u00een a \u00e7areseriya S\u00fbriyey\u00ea ne.<\/p>\n<p>Em ji Serok\u00ea Demk\u00ee y\u00ea S\u00fbriyey\u00ea, Ehmed El-\u015earaa, \u00fb hem\u00fb h\u00eaz\u00ean S\u00fbriyey\u00ea re t\u00eenin b\u00eera xwe ku peymana Kurd\u00ee ya ku di konferansa 26\u00ea N\u00eesana 2025an de hatiye derxistin \u00fb peymana 10\u00ea Adar\u00ea ne ten\u00ea belgey\u00ean xemiland\u00ee ne, l\u00ea bel\u00ea pabendb\u00fbnek siyas\u00ee ne ku div\u00ea r\u00eaz l\u00ea were girtin \u00fb ney\u00ean pa\u015fguhkirin, \u00e7i di war\u00ea le\u015fker\u00ee, \u00eedar\u00ee an siyas\u00ee de.<\/p>\n<p>\u25aa\ufe0e Ey S\u00fbr\u00eeyey\u00ee\u2026<\/p>\n<p>S\u00fbriyaya p\u00ea\u015feroj\u00ea nikare bi heman zihniyeta navend\u00eepar\u00eaz a ku welat w\u00earan kir, were avakirin, l\u00ea bi r\u00eaya pergalek nenavend\u00ee \u00fb federal ku maf\u00ean hem\u00fb mezheb \u00fb neteweyan garant\u00ee dike, baweriy\u00ea di navbera dewlet \u00fb civak\u00ea de ji n\u00fb ve ava dike, \u00fb r\u00ea li ber dubareb\u00fbna \u00ear\u00ee\u015f\u00ean mezheb\u00ee digire ku dabe\u015fb\u00fbn\u00ea k\u00fbrtir dikin.<\/p>\n<p>Ji ber v\u00ea yek\u00ea, \u015fep\u00eala Azadiy\u00ee ya Kurdistan\u00ea radigih\u00eene:<\/p>\n<p>1. Pabendb\u00fbna bi vebijarka federal wek\u00ee yekane r\u00eaya p\u00ea\u015f\u00eegirtina li dabe\u015fb\u00fbna rast\u00een \u00fb avakirina dewletek dadperwer, \u00fb bidaw\u00eekirina yekdestdariya biryardan\u00ea li yek navend\u00ea.<\/p>\n<p>2. Misogerkirina maf\u00ean netewey\u00ee y\u00ean Kurdan ji aliy\u00ea siyas\u00ee, \u00eedar\u00ee \u00fb \u00e7and\u00ee ve, \u00fb avakirina r\u00eaveberiyeke rast\u00een li her\u00eam\u00ean wan. 3. Ji n\u00fb ve sazkirina p\u00eavajoya dest\u00fbr\u00ee da ku pirrengiya S\u00fbr\u00ee n\u00ee\u015fan bide \u00fb be\u015fdariya hem\u00fb p\u00eakhateyan b\u00ea \u00eest\u00eesna misoger bike.<\/p>\n<p>4. Vekirina deriy\u00ea diyaloga netewey\u00ee ya rast\u00een, b\u00ea cudah\u00ee, bi be\u015fdariya hem\u00fb etn\u00ees\u00eete \u00fb mezheban, di nav de Kurd, Ereb, Durz\u00ee, Elew\u00ee, Suryan\u00ee, As\u00fbr\u00ee \u00fb Tirkmen.<\/p>\n<p>5. Cudakirina ol ji siyaset\u00ea, redkirina mezhebperest\u00ee \u00fb nijadperestiy\u00ea, s\u00eenordarkirina her \u00ear\u00ee\u015feke neqan\u00fbn\u00ee ya li dij\u00ee etn\u00ees\u00eete \u00fb olan, \u00fb xebata ji bo parastina hem\u00fb welatiyan b\u00ea cudah\u00ee.<\/p>\n<p>S\u00fbriyeya ku em xeyal dikin ne S\u00fbriyeya am\u00fbr\u00ean ewlehiy\u00ea ye, ne j\u00ee S\u00fbriyeya desthilatdariya navend\u00ee ye, l\u00ea S\u00fbriyeya azadiy\u00ea ye\u2026 S\u00fbriyeya edalet\u00ea ye\u2026 S\u00fbriyeya federal e ku her kes be\u015fdar\u00ee \u015fekildana p\u00ea\u015feroja w\u00ea dibe.<\/p>\n<p>Di v\u00ea salveger\u00ea de, em soza xwe ji gel\u00ea xwe y\u00ea Kurd re, ber\u00ee her ti\u015ft\u00ee \u00fb ji hem\u00fb S\u00fbr\u00eeyan re, n\u00fb dikin ku em \u00ea be\u015fek ji t\u00eako\u015f\u00eena avakirina welatek\u00ee ku h\u00eajay\u00ee qurbaniy\u00ean we ye \u00fb h\u00eajay\u00ee h\u00eaviy\u00ean kes\u00ean ku di r\u00eaya azadiy\u00ea de mirine, bim\u00eenin.<\/p>\n<p>Ji bo federasyoneke dadperwer\u2026 \u00fb ji bo welatek\u00ee ku her kes\u00ee hemb\u00eaz bike.<\/p>\n<p>\u015fep\u00eala Azad\u00ee ya Kurdistan\u00ee<\/p>\n<p>8 \/ 12 \/ 2025<\/p>\n","protected":false},"excerpt":{"rendered":"<p>Daxuyaniya \u015fep\u00eala Azad\u00ee ya Kurdistan\u00ee ji bo Raya Gi\u015ft\u00ee \u25aa\ufe0e S\u00fbr\u00ee\u2026 Kurd, li ku der\u00ea&#8230;<\/p>\n","protected":false},"author":8,"featured_media":2676,"comment_status":"closed","ping_status":"closed","sticky":false,"template":"","format":"standard","meta":{"footnotes":""},"categories":[34],"tags":[],"class_list":["post-2722","post","type-post","status-publish","format-standard","has-post-thumbnail","hentry","category-daxuyani"],"yoast_head":"<!-- This site is optimized with the Yoast SEO plugin v27.5 - https:\/\/yoast.com\/product\/yoast-seo-wordpress\/ -->\n<title>Li ser Salvegera D\u00eerok\u00ee ya Hilwe\u015f\u00eena Rej\u00eem\u00ea \u00fb Pi\u015ftrastkirina R\u00eaya Federal\u00eezm\u00ea &#8226; \u015eAK<\/title>\n<meta name=\"robots\" content=\"index, follow, max-snippet:-1, max-image-preview:large, max-video-preview:-1\" \/>\n<link rel=\"canonical\" href=\"https:\/\/saknews.net\/ku\/?p=2722\" \/>\n<meta property=\"og:locale\" content=\"en_US\" \/>\n<meta property=\"og:type\" content=\"article\" \/>\n<meta property=\"og:title\" content=\"Li ser Salvegera D\u00eerok\u00ee ya Hilwe\u015f\u00eena Rej\u00eem\u00ea \u00fb Pi\u015ftrastkirina R\u00eaya Federal\u00eezm\u00ea &#8226; \u015eAK\" \/>\n<meta property=\"og:description\" content=\"Daxuyaniya \u015fep\u00eala Azad\u00ee ya Kurdistan\u00ee ji bo Raya Gi\u015ft\u00ee \u25aa\ufe0e S\u00fbr\u00ee\u2026 Kurd, li ku der\u00ea...\" \/>\n<meta property=\"og:url\" content=\"https:\/\/saknews.net\/ku\/?p=2722\" \/>\n<meta property=\"og:site_name\" content=\"\u015eAK\" \/>\n<meta property=\"article:publisher\" content=\"https:\/\/www.facebook.com\/Shepel.ewropa\" \/>\n<meta property=\"article:published_time\" content=\"2025-12-06T13:47:18+00:00\" \/>\n<meta property=\"article:modified_time\" content=\"2025-12-06T16:14:39+00:00\" \/>\n<meta property=\"og:image\" content=\"https:\/\/saknews.net\/ku\/wp-content\/uploads\/2025\/10\/264256Artboard-6-copy-scaled.png\" \/>\n\t<meta property=\"og:image:width\" content=\"2560\" \/>\n\t<meta property=\"og:image:height\" content=\"1440\" \/>\n\t<meta property=\"og:image:type\" content=\"image\/png\" \/>\n<meta name=\"author\" content=\"Horan Hem\" \/>\n<meta name=\"twitter:card\" content=\"summary_large_image\" \/>\n<meta name=\"twitter:label1\" content=\"Written by\" \/>\n\t<meta name=\"twitter:data1\" content=\"Horan Hem\" \/>\n\t<meta name=\"twitter:label2\" content=\"Est. reading time\" \/>\n\t<meta name=\"twitter:data2\" content=\"5 minutes\" \/>\n<script type=\"application\/ld+json\" class=\"yoast-schema-graph\">{\"@context\":\"https:\\\/\\\/schema.org\",\"@graph\":[{\"@type\":\"Article\",\"@id\":\"https:\\\/\\\/saknews.net\\\/ku\\\/?p=2722#article\",\"isPartOf\":{\"@id\":\"https:\\\/\\\/saknews.net\\\/ku\\\/?p=2722\"},\"author\":{\"name\":\"Horan Hem\",\"@id\":\"https:\\\/\\\/saknews.net\\\/ku\\\/#\\\/schema\\\/person\\\/72ae32a4041a3817e015b63d8f409058\"},\"headline\":\"Li ser Salvegera D\u00eerok\u00ee ya Hilwe\u015f\u00eena Rej\u00eem\u00ea \u00fb Pi\u015ftrastkirina R\u00eaya Federal\u00eezm\u00ea\",\"datePublished\":\"2025-12-06T13:47:18+00:00\",\"dateModified\":\"2025-12-06T16:14:39+00:00\",\"mainEntityOfPage\":{\"@id\":\"https:\\\/\\\/saknews.net\\\/ku\\\/?p=2722\"},\"wordCount\":1060,\"publisher\":{\"@id\":\"https:\\\/\\\/saknews.net\\\/ku\\\/#organization\"},\"image\":{\"@id\":\"https:\\\/\\\/saknews.net\\\/ku\\\/?p=2722#primaryimage\"},\"thumbnailUrl\":\"https:\\\/\\\/i0.wp.com\\\/saknews.net\\\/ku\\\/wp-content\\\/uploads\\\/2025\\\/10\\\/264256Artboard-6-copy-scaled.png?fit=2560%2C1440&ssl=1\",\"articleSection\":[\"Daxuyan\u00ee\"],\"inLanguage\":\"en-US\"},{\"@type\":\"WebPage\",\"@id\":\"https:\\\/\\\/saknews.net\\\/ku\\\/?p=2722\",\"url\":\"https:\\\/\\\/saknews.net\\\/ku\\\/?p=2722\",\"name\":\"Li ser Salvegera D\u00eerok\u00ee ya Hilwe\u015f\u00eena Rej\u00eem\u00ea \u00fb Pi\u015ftrastkirina R\u00eaya Federal\u00eezm\u00ea &#8226; \u015eAK\",\"isPartOf\":{\"@id\":\"https:\\\/\\\/saknews.net\\\/ku\\\/#website\"},\"primaryImageOfPage\":{\"@id\":\"https:\\\/\\\/saknews.net\\\/ku\\\/?p=2722#primaryimage\"},\"image\":{\"@id\":\"https:\\\/\\\/saknews.net\\\/ku\\\/?p=2722#primaryimage\"},\"thumbnailUrl\":\"https:\\\/\\\/i0.wp.com\\\/saknews.net\\\/ku\\\/wp-content\\\/uploads\\\/2025\\\/10\\\/264256Artboard-6-copy-scaled.png?fit=2560%2C1440&ssl=1\",\"datePublished\":\"2025-12-06T13:47:18+00:00\",\"dateModified\":\"2025-12-06T16:14:39+00:00\",\"breadcrumb\":{\"@id\":\"https:\\\/\\\/saknews.net\\\/ku\\\/?p=2722#breadcrumb\"},\"inLanguage\":\"en-US\",\"potentialAction\":[{\"@type\":\"ReadAction\",\"target\":[\"https:\\\/\\\/saknews.net\\\/ku\\\/?p=2722\"]}]},{\"@type\":\"ImageObject\",\"inLanguage\":\"en-US\",\"@id\":\"https:\\\/\\\/saknews.net\\\/ku\\\/?p=2722#primaryimage\",\"url\":\"https:\\\/\\\/i0.wp.com\\\/saknews.net\\\/ku\\\/wp-content\\\/uploads\\\/2025\\\/10\\\/264256Artboard-6-copy-scaled.png?fit=2560%2C1440&ssl=1\",\"contentUrl\":\"https:\\\/\\\/i0.wp.com\\\/saknews.net\\\/ku\\\/wp-content\\\/uploads\\\/2025\\\/10\\\/264256Artboard-6-copy-scaled.png?fit=2560%2C1440&ssl=1\",\"width\":2560,\"height\":1440},{\"@type\":\"BreadcrumbList\",\"@id\":\"https:\\\/\\\/saknews.net\\\/ku\\\/?p=2722#breadcrumb\",\"itemListElement\":[{\"@type\":\"ListItem\",\"position\":1,\"name\":\"\u0627\u0644\u0631\u0626\u064a\u0633\u064a\u0629\",\"item\":\"https:\\\/\\\/saknews.net\\\/ku\\\/\"},{\"@type\":\"ListItem\",\"position\":2,\"name\":\"N\u00fb\u00e7e\",\"item\":\"https:\\\/\\\/saknews.net\\\/ku\\\/?cat=49\"},{\"@type\":\"ListItem\",\"position\":3,\"name\":\"Daxuyan\u00ee\",\"item\":\"https:\\\/\\\/saknews.net\\\/ku\\\/?cat=34\"},{\"@type\":\"ListItem\",\"position\":4,\"name\":\"Li ser Salvegera D\u00eerok\u00ee ya Hilwe\u015f\u00eena Rej\u00eem\u00ea \u00fb Pi\u015ftrastkirina R\u00eaya Federal\u00eezm\u00ea\"}]},{\"@type\":\"WebSite\",\"@id\":\"https:\\\/\\\/saknews.net\\\/ku\\\/#website\",\"url\":\"https:\\\/\\\/saknews.net\\\/ku\\\/\",\"name\":\"S\u0327epe\u0302la Azadi\u0302 ya Kurdistani\u0302\",\"description\":\"\u062a\u064a\u0627\u0631 \u0627\u0644\u062d\u0631\u064a\u0629 \u0627\u0644\u0643\u0648\u0631\u062f\u0633\u062a\u0627\u0646\u064a \u015eep\u00eala Azad\u00ee ya Kurdistan\u00ee\",\"publisher\":{\"@id\":\"https:\\\/\\\/saknews.net\\\/ku\\\/#organization\"},\"potentialAction\":[{\"@type\":\"SearchAction\",\"target\":{\"@type\":\"EntryPoint\",\"urlTemplate\":\"https:\\\/\\\/saknews.net\\\/ku\\\/?s={search_term_string}\"},\"query-input\":{\"@type\":\"PropertyValueSpecification\",\"valueRequired\":true,\"valueName\":\"search_term_string\"}}],\"inLanguage\":\"en-US\"},{\"@type\":\"Organization\",\"@id\":\"https:\\\/\\\/saknews.net\\\/ku\\\/#organization\",\"name\":\"\u015eep\u00eala Azadiy\u00ea ya Kurdistan\u00ea - \u062a\u064a\u0627\u0631 \u0627\u0644\u062d\u0631\u064a\u0629 \u0627\u0644\u0643\u0648\u0631\u062f\u0633\u062a\u0627\u0646\u064a\",\"url\":\"https:\\\/\\\/saknews.net\\\/ku\\\/\",\"logo\":{\"@type\":\"ImageObject\",\"inLanguage\":\"en-US\",\"@id\":\"https:\\\/\\\/saknews.net\\\/ku\\\/#\\\/schema\\\/logo\\\/image\\\/\",\"url\":\"https:\\\/\\\/i0.wp.com\\\/saknews.net\\\/ku\\\/wp-content\\\/uploads\\\/2024\\\/11\\\/cropped-logo-1.png?fit=512%2C512&ssl=1\",\"contentUrl\":\"https:\\\/\\\/i0.wp.com\\\/saknews.net\\\/ku\\\/wp-content\\\/uploads\\\/2024\\\/11\\\/cropped-logo-1.png?fit=512%2C512&ssl=1\",\"width\":512,\"height\":512,\"caption\":\"\u015eep\u00eala Azadiy\u00ea ya Kurdistan\u00ea - \u062a\u064a\u0627\u0631 \u0627\u0644\u062d\u0631\u064a\u0629 \u0627\u0644\u0643\u0648\u0631\u062f\u0633\u062a\u0627\u0646\u064a\"},\"image\":{\"@id\":\"https:\\\/\\\/saknews.net\\\/ku\\\/#\\\/schema\\\/logo\\\/image\\\/\"},\"sameAs\":[\"https:\\\/\\\/www.facebook.com\\\/Shepel.ewropa\"]},{\"@type\":\"Person\",\"@id\":\"https:\\\/\\\/saknews.net\\\/ku\\\/#\\\/schema\\\/person\\\/72ae32a4041a3817e015b63d8f409058\",\"name\":\"Horan Hem\",\"url\":\"https:\\\/\\\/saknews.net\\\/ku\\\/?author=8\"}]}<\/script>\n<!-- \/ Yoast SEO plugin. -->","yoast_head_json":{"title":"Li ser Salvegera D\u00eerok\u00ee ya Hilwe\u015f\u00eena Rej\u00eem\u00ea \u00fb Pi\u015ftrastkirina R\u00eaya Federal\u00eezm\u00ea &#8226; \u015eAK","robots":{"index":"index","follow":"follow","max-snippet":"max-snippet:-1","max-image-preview":"max-image-preview:large","max-video-preview":"max-video-preview:-1"},"canonical":"https:\/\/saknews.net\/ku\/?p=2722","og_locale":"en_US","og_type":"article","og_title":"Li ser Salvegera D\u00eerok\u00ee ya Hilwe\u015f\u00eena Rej\u00eem\u00ea \u00fb Pi\u015ftrastkirina R\u00eaya Federal\u00eezm\u00ea &#8226; \u015eAK","og_description":"Daxuyaniya \u015fep\u00eala Azad\u00ee ya Kurdistan\u00ee ji bo Raya Gi\u015ft\u00ee \u25aa\ufe0e S\u00fbr\u00ee\u2026 Kurd, li ku der\u00ea...","og_url":"https:\/\/saknews.net\/ku\/?p=2722","og_site_name":"\u015eAK","article_publisher":"https:\/\/www.facebook.com\/Shepel.ewropa","article_published_time":"2025-12-06T13:47:18+00:00","article_modified_time":"2025-12-06T16:14:39+00:00","og_image":[{"width":2560,"height":1440,"url":"https:\/\/saknews.net\/ku\/wp-content\/uploads\/2025\/10\/264256Artboard-6-copy-scaled.png","type":"image\/png"}],"author":"Horan Hem","twitter_card":"summary_large_image","twitter_misc":{"Written by":"Horan Hem","Est. reading time":"5 minutes"},"schema":{"@context":"https:\/\/schema.org","@graph":[{"@type":"Article","@id":"https:\/\/saknews.net\/ku\/?p=2722#article","isPartOf":{"@id":"https:\/\/saknews.net\/ku\/?p=2722"},"author":{"name":"Horan Hem","@id":"https:\/\/saknews.net\/ku\/#\/schema\/person\/72ae32a4041a3817e015b63d8f409058"},"headline":"Li ser Salvegera D\u00eerok\u00ee ya Hilwe\u015f\u00eena Rej\u00eem\u00ea \u00fb Pi\u015ftrastkirina R\u00eaya Federal\u00eezm\u00ea","datePublished":"2025-12-06T13:47:18+00:00","dateModified":"2025-12-06T16:14:39+00:00","mainEntityOfPage":{"@id":"https:\/\/saknews.net\/ku\/?p=2722"},"wordCount":1060,"publisher":{"@id":"https:\/\/saknews.net\/ku\/#organization"},"image":{"@id":"https:\/\/saknews.net\/ku\/?p=2722#primaryimage"},"thumbnailUrl":"https:\/\/i0.wp.com\/saknews.net\/ku\/wp-content\/uploads\/2025\/10\/264256Artboard-6-copy-scaled.png?fit=2560%2C1440&ssl=1","articleSection":["Daxuyan\u00ee"],"inLanguage":"en-US"},{"@type":"WebPage","@id":"https:\/\/saknews.net\/ku\/?p=2722","url":"https:\/\/saknews.net\/ku\/?p=2722","name":"Li ser Salvegera D\u00eerok\u00ee ya Hilwe\u015f\u00eena Rej\u00eem\u00ea \u00fb Pi\u015ftrastkirina R\u00eaya Federal\u00eezm\u00ea &#8226; \u015eAK","isPartOf":{"@id":"https:\/\/saknews.net\/ku\/#website"},"primaryImageOfPage":{"@id":"https:\/\/saknews.net\/ku\/?p=2722#primaryimage"},"image":{"@id":"https:\/\/saknews.net\/ku\/?p=2722#primaryimage"},"thumbnailUrl":"https:\/\/i0.wp.com\/saknews.net\/ku\/wp-content\/uploads\/2025\/10\/264256Artboard-6-copy-scaled.png?fit=2560%2C1440&ssl=1","datePublished":"2025-12-06T13:47:18+00:00","dateModified":"2025-12-06T16:14:39+00:00","breadcrumb":{"@id":"https:\/\/saknews.net\/ku\/?p=2722#breadcrumb"},"inLanguage":"en-US","potentialAction":[{"@type":"ReadAction","target":["https:\/\/saknews.net\/ku\/?p=2722"]}]},{"@type":"ImageObject","inLanguage":"en-US","@id":"https:\/\/saknews.net\/ku\/?p=2722#primaryimage","url":"https:\/\/i0.wp.com\/saknews.net\/ku\/wp-content\/uploads\/2025\/10\/264256Artboard-6-copy-scaled.png?fit=2560%2C1440&ssl=1","contentUrl":"https:\/\/i0.wp.com\/saknews.net\/ku\/wp-content\/uploads\/2025\/10\/264256Artboard-6-copy-scaled.png?fit=2560%2C1440&ssl=1","width":2560,"height":1440},{"@type":"BreadcrumbList","@id":"https:\/\/saknews.net\/ku\/?p=2722#breadcrumb","itemListElement":[{"@type":"ListItem","position":1,"name":"\u0627\u0644\u0631\u0626\u064a\u0633\u064a\u0629","item":"https:\/\/saknews.net\/ku\/"},{"@type":"ListItem","position":2,"name":"N\u00fb\u00e7e","item":"https:\/\/saknews.net\/ku\/?cat=49"},{"@type":"ListItem","position":3,"name":"Daxuyan\u00ee","item":"https:\/\/saknews.net\/ku\/?cat=34"},{"@type":"ListItem","position":4,"name":"Li ser Salvegera D\u00eerok\u00ee ya Hilwe\u015f\u00eena Rej\u00eem\u00ea \u00fb Pi\u015ftrastkirina R\u00eaya Federal\u00eezm\u00ea"}]},{"@type":"WebSite","@id":"https:\/\/saknews.net\/ku\/#website","url":"https:\/\/saknews.net\/ku\/","name":"S\u0327epe\u0302la Azadi\u0302 ya Kurdistani\u0302","description":"\u062a\u064a\u0627\u0631 \u0627\u0644\u062d\u0631\u064a\u0629 \u0627\u0644\u0643\u0648\u0631\u062f\u0633\u062a\u0627\u0646\u064a \u015eep\u00eala Azad\u00ee ya Kurdistan\u00ee","publisher":{"@id":"https:\/\/saknews.net\/ku\/#organization"},"potentialAction":[{"@type":"SearchAction","target":{"@type":"EntryPoint","urlTemplate":"https:\/\/saknews.net\/ku\/?s={search_term_string}"},"query-input":{"@type":"PropertyValueSpecification","valueRequired":true,"valueName":"search_term_string"}}],"inLanguage":"en-US"},{"@type":"Organization","@id":"https:\/\/saknews.net\/ku\/#organization","name":"\u015eep\u00eala Azadiy\u00ea ya Kurdistan\u00ea - \u062a\u064a\u0627\u0631 \u0627\u0644\u062d\u0631\u064a\u0629 \u0627\u0644\u0643\u0648\u0631\u062f\u0633\u062a\u0627\u0646\u064a","url":"https:\/\/saknews.net\/ku\/","logo":{"@type":"ImageObject","inLanguage":"en-US","@id":"https:\/\/saknews.net\/ku\/#\/schema\/logo\/image\/","url":"https:\/\/i0.wp.com\/saknews.net\/ku\/wp-content\/uploads\/2024\/11\/cropped-logo-1.png?fit=512%2C512&ssl=1","contentUrl":"https:\/\/i0.wp.com\/saknews.net\/ku\/wp-content\/uploads\/2024\/11\/cropped-logo-1.png?fit=512%2C512&ssl=1","width":512,"height":512,"caption":"\u015eep\u00eala Azadiy\u00ea ya Kurdistan\u00ea - \u062a\u064a\u0627\u0631 \u0627\u0644\u062d\u0631\u064a\u0629 \u0627\u0644\u0643\u0648\u0631\u062f\u0633\u062a\u0627\u0646\u064a"},"image":{"@id":"https:\/\/saknews.net\/ku\/#\/schema\/logo\/image\/"},"sameAs":["https:\/\/www.facebook.com\/Shepel.ewropa"]},{"@type":"Person","@id":"https:\/\/saknews.net\/ku\/#\/schema\/person\/72ae32a4041a3817e015b63d8f409058","name":"Horan Hem","url":"https:\/\/saknews.net\/ku\/?author=8"}]}},"featured_image_urls":{"full":["https:\/\/i0.wp.com\/saknews.net\/ku\/wp-content\/uploads\/2025\/10\/264256Artboard-6-copy-scaled.png?fit=2560%2C1440&ssl=1",2560,1440,false],"thumbnail":["https:\/\/i0.wp.com\/saknews.net\/ku\/wp-content\/uploads\/2025\/10\/264256Artboard-6-copy-scaled.png?resize=150%2C150&ssl=1",150,150,true],"medium":["https:\/\/i0.wp.com\/saknews.net\/ku\/wp-content\/uploads\/2025\/10\/264256Artboard-6-copy-scaled.png?fit=300%2C169&ssl=1",300,169,true],"medium_large":["https:\/\/i0.wp.com\/saknews.net\/ku\/wp-content\/uploads\/2025\/10\/264256Artboard-6-copy-scaled.png?fit=640%2C360&ssl=1",640,360,true],"large":["https:\/\/i0.wp.com\/saknews.net\/ku\/wp-content\/uploads\/2025\/10\/264256Artboard-6-copy-scaled.png?fit=640%2C360&ssl=1",640,360,true],"1536x1536":["https:\/\/i0.wp.com\/saknews.net\/ku\/wp-content\/uploads\/2025\/10\/264256Artboard-6-copy-scaled.png?fit=1536%2C864&ssl=1",1536,864,true],"2048x2048":["https:\/\/i0.wp.com\/saknews.net\/ku\/wp-content\/uploads\/2025\/10\/264256Artboard-6-copy-scaled.png?fit=2048%2C1152&ssl=1",2048,1152,true],"covernews-featured":["https:\/\/i0.wp.com\/saknews.net\/ku\/wp-content\/uploads\/2025\/10\/264256Artboard-6-copy-scaled.png?fit=1024%2C576&ssl=1",1024,576,true],"covernews-medium":["https:\/\/i0.wp.com\/saknews.net\/ku\/wp-content\/uploads\/2025\/10\/264256Artboard-6-copy-scaled.png?resize=540%2C340&ssl=1",540,340,true]},"author_info":{"display_name":"Horan Hem","author_link":"https:\/\/saknews.net\/ku\/?author=8"},"category_info":"<a href=\"https:\/\/saknews.net\/ku\/?cat=34\" rel=\"category\">Daxuyan\u00ee<\/a>","tag_info":"Daxuyan\u00ee","comment_count":"0","_links":{"self":[{"href":"https:\/\/saknews.net\/ku\/index.php?rest_route=\/wp\/v2\/posts\/2722","targetHints":{"allow":["GET"]}}],"collection":[{"href":"https:\/\/saknews.net\/ku\/index.php?rest_route=\/wp\/v2\/posts"}],"about":[{"href":"https:\/\/saknews.net\/ku\/index.php?rest_route=\/wp\/v2\/types\/post"}],"author":[{"embeddable":true,"href":"https:\/\/saknews.net\/ku\/index.php?rest_route=\/wp\/v2\/users\/8"}],"replies":[{"embeddable":true,"href":"https:\/\/saknews.net\/ku\/index.php?rest_route=%2Fwp%2Fv2%2Fcomments&post=2722"}],"version-history":[{"count":3,"href":"https:\/\/saknews.net\/ku\/index.php?rest_route=\/wp\/v2\/posts\/2722\/revisions"}],"predecessor-version":[{"id":2727,"href":"https:\/\/saknews.net\/ku\/index.php?rest_route=\/wp\/v2\/posts\/2722\/revisions\/2727"}],"wp:featuredmedia":[{"embeddable":true,"href":"https:\/\/saknews.net\/ku\/index.php?rest_route=\/wp\/v2\/media\/2676"}],"wp:attachment":[{"href":"https:\/\/saknews.net\/ku\/index.php?rest_route=%2Fwp%2Fv2%2Fmedia&parent=2722"}],"wp:term":[{"taxonomy":"category","embeddable":true,"href":"https:\/\/saknews.net\/ku\/index.php?rest_route=%2Fwp%2Fv2%2Fcategories&post=2722"},{"taxonomy":"post_tag","embeddable":true,"href":"https:\/\/saknews.net\/ku\/index.php?rest_route=%2Fwp%2Fv2%2Ftags&post=2722"}],"curies":[{"name":"wp","href":"https:\/\/api.w.org\/{rel}","templated":true}]}}