{"id":2728,"date":"2025-12-07T09:05:33","date_gmt":"2025-12-07T09:05:33","guid":{"rendered":"https:\/\/saknews.net\/ku\/?p=2728"},"modified":"2025-12-07T09:05:33","modified_gmt":"2025-12-07T09:05:33","slug":"daxuyani-bere-kurdistana-suriye","status":"publish","type":"post","link":"https:\/\/saknews.net\/ku\/?p=2728","title":{"rendered":"Daxuyan\u00ee Ber\u00ea kurdistana s\u00fbriy\u00ea"},"content":{"rendered":"<p>Daxuyan\u00ee<\/p>\n<p>&nbsp;<\/p>\n<p>Ber\u00ea Kurdistana S\u00fbriy\u00ea, roja \u015fem\u00eey\u00ea 6.12.2025, civ\u00eeneke xwe ya fireh bi r\u00eaya online lidar xist, bi be\u015fdariya endam\u00ean Ber\u00ea Kurdistana S\u00fbriy\u00ea, ji Kurdistana S\u00fbriy\u00ea, Her\u00eama Kurdistana Iraq\u00ea \u00fb Ewropa, ji part\u00ee \u00fb r\u00eaxistin\u00ean civaka s\u00eev\u00eel, kes\u00ean serbixwe \u00fb endam\u00ean of\u00ees\u00ean Ber\u00ea ye.<\/p>\n<p>&nbsp;<\/p>\n<p>Di desp\u00eak\u00ea de, Serok\u00ea Ber\u00ea Kurdistana S\u00fbriy\u00ea, Siyamend Haco gotina p\u00ea\u015f\u00ee dest p\u00eakir \u00fb bix\u00earhatina be\u015fdaran kir \u00fb behsa wan \u015fe\u015f meh\u00ean bor\u00ee kir, \u00fb behsa kar\u00ean d\u00eeplomas\u00ee y\u00ea ku Ber\u00ea p\u00ea rab\u00fb, her wiha peywendiy\u00ean ligel welat\u00ean Ewrop\u00ee \u00fb serdana w\u00ee ji bo Dime\u015fq\u00ea, Kurdistana S\u00fbriy\u00ea \u00fb Her\u00eama Kurdistana Iraq\u00ea.<\/p>\n<p>&nbsp;<\/p>\n<p>Pi\u015ftre berpirs\u00ean of\u00eesan behsa kar\u00ean xwe y\u00ean wan \u015fe\u015f meh\u00ean derbasb\u00fby\u00ee kirin, wek of\u00ees\u00ean p\u00eawendiy\u00ean gi\u015ft\u00ee, Revenda kurd\u00ee, Ragihandin \u00fb Enc\u00fbmen\u00ean her\u00eam\u00ee li Kurdistana S\u00fbriy\u00ea, pi\u015ftre n\u00fbner\u00ean r\u00eaxistin\u00ean civaka s\u00eev\u00eel rapor \u00fb gotin\u00ean xwe p\u00ea\u015fk\u00ea\u015f kirin.<\/p>\n<p>&nbsp;<\/p>\n<p>Di civ\u00een\u00ea de behsa rew\u015fa S\u00fbriy\u00ea \u00fb Kurdistana S\u00fbriy\u00ea hate kirin \u00fb li ser helwest\u00ean Ber\u00ea di derbar\u00ea pirs\u00ean siyas\u00ee li ser asta S\u00fbriy\u00ea \u00fb Kurdistana S\u00fbriy\u00ea tekez kirin. Li aliyek\u00ee din j\u00ee behsa \u00e7awaniya p\u00ea\u015fxistin \u00fb firehkirina Ber\u00ea Kurdistana S\u00fbriy\u00ea hate kirin \u00fb got\u00fbb\u00eajeke cid\u00ee ya berpirs di navbera be\u015fdaran de \u00e7\u00eab\u00fb \u00fb pilan\u00ean kar ji bo p\u00ea\u015feroj\u00ea j\u00ee hatin genge\u015fekirin.<\/p>\n<p>&nbsp;<\/p>\n<p>Di dawiya civ\u00een\u00ea de \u00fb ji ber serokatiya Ber\u00ea Kurdistana S\u00fbriy\u00ea her \u015fe\u015f mehan t\u00ea guhertin gor\u00ee s\u00eestema navxwey\u00ee, R\u00eazdar Sil\u00eaman Sil\u00eaman Hevr\u00eazkar\u00ea gi\u015ft\u00ee y\u00ea Tevgera A\u015ft\u00ee ya Kurdistan\u00ea ji 6.12.2025 dest bi kar\u00ea xwe weke serok\u00ea Ber\u00ea bike.<\/p>\n<p>&nbsp;<\/p>\n<p>&nbsp;<\/p>\n<p>Desteya Serokatiy\u00ea<\/p>\n<p>Ber\u00ea Kurdistana S\u00fbriy\u00ea<\/p>\n<p>7. 12. 2025<\/p>\n","protected":false},"excerpt":{"rendered":"<p>Daxuyan\u00ee &nbsp; Ber\u00ea Kurdistana S\u00fbriy\u00ea, roja \u015fem\u00eey\u00ea 6.12.2025, civ\u00eeneke xwe ya fireh bi r\u00eaya online&#8230;<\/p>\n","protected":false},"author":8,"featured_media":2729,"comment_status":"closed","ping_status":"closed","sticky":false,"template":"","format":"standard","meta":{"footnotes":""},"categories":[34],"tags":[],"class_list":["post-2728","post","type-post","status-publish","format-standard","has-post-thumbnail","hentry","category-daxuyani"],"yoast_head":"<!-- This site is optimized with the Yoast SEO plugin v27.5 - https:\/\/yoast.com\/product\/yoast-seo-wordpress\/ -->\n<title>Daxuyan\u00ee Ber\u00ea kurdistana s\u00fbriy\u00ea &#8226; \u015eAK<\/title>\n<meta name=\"robots\" content=\"index, follow, max-snippet:-1, max-image-preview:large, max-video-preview:-1\" \/>\n<link rel=\"canonical\" href=\"https:\/\/saknews.net\/ku\/?p=2728\" \/>\n<meta property=\"og:locale\" content=\"en_US\" \/>\n<meta property=\"og:type\" content=\"article\" \/>\n<meta property=\"og:title\" content=\"Daxuyan\u00ee Ber\u00ea kurdistana s\u00fbriy\u00ea &#8226; \u015eAK\" \/>\n<meta property=\"og:description\" content=\"Daxuyan\u00ee &nbsp; Ber\u00ea Kurdistana S\u00fbriy\u00ea, roja \u015fem\u00eey\u00ea 6.12.2025, civ\u00eeneke xwe ya fireh bi r\u00eaya online...\" \/>\n<meta property=\"og:url\" content=\"https:\/\/saknews.net\/ku\/?p=2728\" \/>\n<meta property=\"og:site_name\" content=\"\u015eAK\" \/>\n<meta property=\"article:publisher\" content=\"https:\/\/www.facebook.com\/Shepel.ewropa\" \/>\n<meta property=\"article:published_time\" content=\"2025-12-07T09:05:33+00:00\" \/>\n<meta property=\"og:image\" content=\"https:\/\/saknews.net\/ku\/wp-content\/uploads\/2025\/12\/FB_IMG_1765093434857.jpg\" \/>\n\t<meta property=\"og:image:width\" content=\"1953\" \/>\n\t<meta property=\"og:image:height\" content=\"1182\" \/>\n\t<meta property=\"og:image:type\" content=\"image\/jpeg\" \/>\n<meta name=\"author\" content=\"Horan Hem\" \/>\n<meta name=\"twitter:card\" content=\"summary_large_image\" \/>\n<meta name=\"twitter:label1\" content=\"Written by\" \/>\n\t<meta name=\"twitter:data1\" content=\"Horan Hem\" \/>\n\t<meta name=\"twitter:label2\" content=\"Est. reading time\" \/>\n\t<meta name=\"twitter:data2\" content=\"2 minutes\" \/>\n<script type=\"application\/ld+json\" class=\"yoast-schema-graph\">{\"@context\":\"https:\\\/\\\/schema.org\",\"@graph\":[{\"@type\":\"Article\",\"@id\":\"https:\\\/\\\/saknews.net\\\/ku\\\/?p=2728#article\",\"isPartOf\":{\"@id\":\"https:\\\/\\\/saknews.net\\\/ku\\\/?p=2728\"},\"author\":{\"name\":\"Horan Hem\",\"@id\":\"https:\\\/\\\/saknews.net\\\/ku\\\/#\\\/schema\\\/person\\\/72ae32a4041a3817e015b63d8f409058\"},\"headline\":\"Daxuyan\u00ee Ber\u00ea kurdistana s\u00fbriy\u00ea\",\"datePublished\":\"2025-12-07T09:05:33+00:00\",\"mainEntityOfPage\":{\"@id\":\"https:\\\/\\\/saknews.net\\\/ku\\\/?p=2728\"},\"wordCount\":310,\"publisher\":{\"@id\":\"https:\\\/\\\/saknews.net\\\/ku\\\/#organization\"},\"image\":{\"@id\":\"https:\\\/\\\/saknews.net\\\/ku\\\/?p=2728#primaryimage\"},\"thumbnailUrl\":\"https:\\\/\\\/i0.wp.com\\\/saknews.net\\\/ku\\\/wp-content\\\/uploads\\\/2025\\\/12\\\/FB_IMG_1765093434857.jpg?fit=1953%2C1182&ssl=1\",\"articleSection\":[\"Daxuyan\u00ee\"],\"inLanguage\":\"en-US\"},{\"@type\":\"WebPage\",\"@id\":\"https:\\\/\\\/saknews.net\\\/ku\\\/?p=2728\",\"url\":\"https:\\\/\\\/saknews.net\\\/ku\\\/?p=2728\",\"name\":\"Daxuyan\u00ee Ber\u00ea kurdistana s\u00fbriy\u00ea &#8226; \u015eAK\",\"isPartOf\":{\"@id\":\"https:\\\/\\\/saknews.net\\\/ku\\\/#website\"},\"primaryImageOfPage\":{\"@id\":\"https:\\\/\\\/saknews.net\\\/ku\\\/?p=2728#primaryimage\"},\"image\":{\"@id\":\"https:\\\/\\\/saknews.net\\\/ku\\\/?p=2728#primaryimage\"},\"thumbnailUrl\":\"https:\\\/\\\/i0.wp.com\\\/saknews.net\\\/ku\\\/wp-content\\\/uploads\\\/2025\\\/12\\\/FB_IMG_1765093434857.jpg?fit=1953%2C1182&ssl=1\",\"datePublished\":\"2025-12-07T09:05:33+00:00\",\"breadcrumb\":{\"@id\":\"https:\\\/\\\/saknews.net\\\/ku\\\/?p=2728#breadcrumb\"},\"inLanguage\":\"en-US\",\"potentialAction\":[{\"@type\":\"ReadAction\",\"target\":[\"https:\\\/\\\/saknews.net\\\/ku\\\/?p=2728\"]}]},{\"@type\":\"ImageObject\",\"inLanguage\":\"en-US\",\"@id\":\"https:\\\/\\\/saknews.net\\\/ku\\\/?p=2728#primaryimage\",\"url\":\"https:\\\/\\\/i0.wp.com\\\/saknews.net\\\/ku\\\/wp-content\\\/uploads\\\/2025\\\/12\\\/FB_IMG_1765093434857.jpg?fit=1953%2C1182&ssl=1\",\"contentUrl\":\"https:\\\/\\\/i0.wp.com\\\/saknews.net\\\/ku\\\/wp-content\\\/uploads\\\/2025\\\/12\\\/FB_IMG_1765093434857.jpg?fit=1953%2C1182&ssl=1\",\"width\":1953,\"height\":1182},{\"@type\":\"BreadcrumbList\",\"@id\":\"https:\\\/\\\/saknews.net\\\/ku\\\/?p=2728#breadcrumb\",\"itemListElement\":[{\"@type\":\"ListItem\",\"position\":1,\"name\":\"\u0627\u0644\u0631\u0626\u064a\u0633\u064a\u0629\",\"item\":\"https:\\\/\\\/saknews.net\\\/ku\\\/\"},{\"@type\":\"ListItem\",\"position\":2,\"name\":\"N\u00fb\u00e7e\",\"item\":\"https:\\\/\\\/saknews.net\\\/ku\\\/?cat=49\"},{\"@type\":\"ListItem\",\"position\":3,\"name\":\"Daxuyan\u00ee\",\"item\":\"https:\\\/\\\/saknews.net\\\/ku\\\/?cat=34\"},{\"@type\":\"ListItem\",\"position\":4,\"name\":\"Daxuyan\u00ee Ber\u00ea kurdistana s\u00fbriy\u00ea\"}]},{\"@type\":\"WebSite\",\"@id\":\"https:\\\/\\\/saknews.net\\\/ku\\\/#website\",\"url\":\"https:\\\/\\\/saknews.net\\\/ku\\\/\",\"name\":\"S\u0327epe\u0302la Azadi\u0302 ya Kurdistani\u0302\",\"description\":\"\u062a\u064a\u0627\u0631 \u0627\u0644\u062d\u0631\u064a\u0629 \u0627\u0644\u0643\u0648\u0631\u062f\u0633\u062a\u0627\u0646\u064a \u015eep\u00eala Azad\u00ee ya Kurdistan\u00ee\",\"publisher\":{\"@id\":\"https:\\\/\\\/saknews.net\\\/ku\\\/#organization\"},\"potentialAction\":[{\"@type\":\"SearchAction\",\"target\":{\"@type\":\"EntryPoint\",\"urlTemplate\":\"https:\\\/\\\/saknews.net\\\/ku\\\/?s={search_term_string}\"},\"query-input\":{\"@type\":\"PropertyValueSpecification\",\"valueRequired\":true,\"valueName\":\"search_term_string\"}}],\"inLanguage\":\"en-US\"},{\"@type\":\"Organization\",\"@id\":\"https:\\\/\\\/saknews.net\\\/ku\\\/#organization\",\"name\":\"\u015eep\u00eala Azadiy\u00ea ya Kurdistan\u00ea - \u062a\u064a\u0627\u0631 \u0627\u0644\u062d\u0631\u064a\u0629 \u0627\u0644\u0643\u0648\u0631\u062f\u0633\u062a\u0627\u0646\u064a\",\"url\":\"https:\\\/\\\/saknews.net\\\/ku\\\/\",\"logo\":{\"@type\":\"ImageObject\",\"inLanguage\":\"en-US\",\"@id\":\"https:\\\/\\\/saknews.net\\\/ku\\\/#\\\/schema\\\/logo\\\/image\\\/\",\"url\":\"https:\\\/\\\/i0.wp.com\\\/saknews.net\\\/ku\\\/wp-content\\\/uploads\\\/2024\\\/11\\\/cropped-logo-1.png?fit=512%2C512&ssl=1\",\"contentUrl\":\"https:\\\/\\\/i0.wp.com\\\/saknews.net\\\/ku\\\/wp-content\\\/uploads\\\/2024\\\/11\\\/cropped-logo-1.png?fit=512%2C512&ssl=1\",\"width\":512,\"height\":512,\"caption\":\"\u015eep\u00eala Azadiy\u00ea ya Kurdistan\u00ea - \u062a\u064a\u0627\u0631 \u0627\u0644\u062d\u0631\u064a\u0629 \u0627\u0644\u0643\u0648\u0631\u062f\u0633\u062a\u0627\u0646\u064a\"},\"image\":{\"@id\":\"https:\\\/\\\/saknews.net\\\/ku\\\/#\\\/schema\\\/logo\\\/image\\\/\"},\"sameAs\":[\"https:\\\/\\\/www.facebook.com\\\/Shepel.ewropa\"]},{\"@type\":\"Person\",\"@id\":\"https:\\\/\\\/saknews.net\\\/ku\\\/#\\\/schema\\\/person\\\/72ae32a4041a3817e015b63d8f409058\",\"name\":\"Horan Hem\",\"url\":\"https:\\\/\\\/saknews.net\\\/ku\\\/?author=8\"}]}<\/script>\n<!-- \/ Yoast SEO plugin. -->","yoast_head_json":{"title":"Daxuyan\u00ee Ber\u00ea kurdistana s\u00fbriy\u00ea &#8226; \u015eAK","robots":{"index":"index","follow":"follow","max-snippet":"max-snippet:-1","max-image-preview":"max-image-preview:large","max-video-preview":"max-video-preview:-1"},"canonical":"https:\/\/saknews.net\/ku\/?p=2728","og_locale":"en_US","og_type":"article","og_title":"Daxuyan\u00ee Ber\u00ea kurdistana s\u00fbriy\u00ea &#8226; \u015eAK","og_description":"Daxuyan\u00ee &nbsp; Ber\u00ea Kurdistana S\u00fbriy\u00ea, roja \u015fem\u00eey\u00ea 6.12.2025, civ\u00eeneke xwe ya fireh bi r\u00eaya online...","og_url":"https:\/\/saknews.net\/ku\/?p=2728","og_site_name":"\u015eAK","article_publisher":"https:\/\/www.facebook.com\/Shepel.ewropa","article_published_time":"2025-12-07T09:05:33+00:00","og_image":[{"width":1953,"height":1182,"url":"https:\/\/saknews.net\/ku\/wp-content\/uploads\/2025\/12\/FB_IMG_1765093434857.jpg","type":"image\/jpeg"}],"author":"Horan Hem","twitter_card":"summary_large_image","twitter_misc":{"Written by":"Horan Hem","Est. reading time":"2 minutes"},"schema":{"@context":"https:\/\/schema.org","@graph":[{"@type":"Article","@id":"https:\/\/saknews.net\/ku\/?p=2728#article","isPartOf":{"@id":"https:\/\/saknews.net\/ku\/?p=2728"},"author":{"name":"Horan Hem","@id":"https:\/\/saknews.net\/ku\/#\/schema\/person\/72ae32a4041a3817e015b63d8f409058"},"headline":"Daxuyan\u00ee Ber\u00ea kurdistana s\u00fbriy\u00ea","datePublished":"2025-12-07T09:05:33+00:00","mainEntityOfPage":{"@id":"https:\/\/saknews.net\/ku\/?p=2728"},"wordCount":310,"publisher":{"@id":"https:\/\/saknews.net\/ku\/#organization"},"image":{"@id":"https:\/\/saknews.net\/ku\/?p=2728#primaryimage"},"thumbnailUrl":"https:\/\/i0.wp.com\/saknews.net\/ku\/wp-content\/uploads\/2025\/12\/FB_IMG_1765093434857.jpg?fit=1953%2C1182&ssl=1","articleSection":["Daxuyan\u00ee"],"inLanguage":"en-US"},{"@type":"WebPage","@id":"https:\/\/saknews.net\/ku\/?p=2728","url":"https:\/\/saknews.net\/ku\/?p=2728","name":"Daxuyan\u00ee Ber\u00ea kurdistana s\u00fbriy\u00ea &#8226; \u015eAK","isPartOf":{"@id":"https:\/\/saknews.net\/ku\/#website"},"primaryImageOfPage":{"@id":"https:\/\/saknews.net\/ku\/?p=2728#primaryimage"},"image":{"@id":"https:\/\/saknews.net\/ku\/?p=2728#primaryimage"},"thumbnailUrl":"https:\/\/i0.wp.com\/saknews.net\/ku\/wp-content\/uploads\/2025\/12\/FB_IMG_1765093434857.jpg?fit=1953%2C1182&ssl=1","datePublished":"2025-12-07T09:05:33+00:00","breadcrumb":{"@id":"https:\/\/saknews.net\/ku\/?p=2728#breadcrumb"},"inLanguage":"en-US","potentialAction":[{"@type":"ReadAction","target":["https:\/\/saknews.net\/ku\/?p=2728"]}]},{"@type":"ImageObject","inLanguage":"en-US","@id":"https:\/\/saknews.net\/ku\/?p=2728#primaryimage","url":"https:\/\/i0.wp.com\/saknews.net\/ku\/wp-content\/uploads\/2025\/12\/FB_IMG_1765093434857.jpg?fit=1953%2C1182&ssl=1","contentUrl":"https:\/\/i0.wp.com\/saknews.net\/ku\/wp-content\/uploads\/2025\/12\/FB_IMG_1765093434857.jpg?fit=1953%2C1182&ssl=1","width":1953,"height":1182},{"@type":"BreadcrumbList","@id":"https:\/\/saknews.net\/ku\/?p=2728#breadcrumb","itemListElement":[{"@type":"ListItem","position":1,"name":"\u0627\u0644\u0631\u0626\u064a\u0633\u064a\u0629","item":"https:\/\/saknews.net\/ku\/"},{"@type":"ListItem","position":2,"name":"N\u00fb\u00e7e","item":"https:\/\/saknews.net\/ku\/?cat=49"},{"@type":"ListItem","position":3,"name":"Daxuyan\u00ee","item":"https:\/\/saknews.net\/ku\/?cat=34"},{"@type":"ListItem","position":4,"name":"Daxuyan\u00ee Ber\u00ea kurdistana s\u00fbriy\u00ea"}]},{"@type":"WebSite","@id":"https:\/\/saknews.net\/ku\/#website","url":"https:\/\/saknews.net\/ku\/","name":"S\u0327epe\u0302la Azadi\u0302 ya Kurdistani\u0302","description":"\u062a\u064a\u0627\u0631 \u0627\u0644\u062d\u0631\u064a\u0629 \u0627\u0644\u0643\u0648\u0631\u062f\u0633\u062a\u0627\u0646\u064a \u015eep\u00eala Azad\u00ee ya Kurdistan\u00ee","publisher":{"@id":"https:\/\/saknews.net\/ku\/#organization"},"potentialAction":[{"@type":"SearchAction","target":{"@type":"EntryPoint","urlTemplate":"https:\/\/saknews.net\/ku\/?s={search_term_string}"},"query-input":{"@type":"PropertyValueSpecification","valueRequired":true,"valueName":"search_term_string"}}],"inLanguage":"en-US"},{"@type":"Organization","@id":"https:\/\/saknews.net\/ku\/#organization","name":"\u015eep\u00eala Azadiy\u00ea ya Kurdistan\u00ea - \u062a\u064a\u0627\u0631 \u0627\u0644\u062d\u0631\u064a\u0629 \u0627\u0644\u0643\u0648\u0631\u062f\u0633\u062a\u0627\u0646\u064a","url":"https:\/\/saknews.net\/ku\/","logo":{"@type":"ImageObject","inLanguage":"en-US","@id":"https:\/\/saknews.net\/ku\/#\/schema\/logo\/image\/","url":"https:\/\/i0.wp.com\/saknews.net\/ku\/wp-content\/uploads\/2024\/11\/cropped-logo-1.png?fit=512%2C512&ssl=1","contentUrl":"https:\/\/i0.wp.com\/saknews.net\/ku\/wp-content\/uploads\/2024\/11\/cropped-logo-1.png?fit=512%2C512&ssl=1","width":512,"height":512,"caption":"\u015eep\u00eala Azadiy\u00ea ya Kurdistan\u00ea - \u062a\u064a\u0627\u0631 \u0627\u0644\u062d\u0631\u064a\u0629 \u0627\u0644\u0643\u0648\u0631\u062f\u0633\u062a\u0627\u0646\u064a"},"image":{"@id":"https:\/\/saknews.net\/ku\/#\/schema\/logo\/image\/"},"sameAs":["https:\/\/www.facebook.com\/Shepel.ewropa"]},{"@type":"Person","@id":"https:\/\/saknews.net\/ku\/#\/schema\/person\/72ae32a4041a3817e015b63d8f409058","name":"Horan Hem","url":"https:\/\/saknews.net\/ku\/?author=8"}]}},"featured_image_urls":{"full":["https:\/\/i0.wp.com\/saknews.net\/ku\/wp-content\/uploads\/2025\/12\/FB_IMG_1765093434857.jpg?fit=1953%2C1182&ssl=1",1953,1182,false],"thumbnail":["https:\/\/i0.wp.com\/saknews.net\/ku\/wp-content\/uploads\/2025\/12\/FB_IMG_1765093434857.jpg?resize=150%2C150&ssl=1",150,150,true],"medium":["https:\/\/i0.wp.com\/saknews.net\/ku\/wp-content\/uploads\/2025\/12\/FB_IMG_1765093434857.jpg?fit=300%2C182&ssl=1",300,182,true],"medium_large":["https:\/\/i0.wp.com\/saknews.net\/ku\/wp-content\/uploads\/2025\/12\/FB_IMG_1765093434857.jpg?fit=640%2C388&ssl=1",640,388,true],"large":["https:\/\/i0.wp.com\/saknews.net\/ku\/wp-content\/uploads\/2025\/12\/FB_IMG_1765093434857.jpg?fit=640%2C388&ssl=1",640,388,true],"1536x1536":["https:\/\/i0.wp.com\/saknews.net\/ku\/wp-content\/uploads\/2025\/12\/FB_IMG_1765093434857.jpg?fit=1536%2C930&ssl=1",1536,930,true],"2048x2048":["https:\/\/i0.wp.com\/saknews.net\/ku\/wp-content\/uploads\/2025\/12\/FB_IMG_1765093434857.jpg?fit=1953%2C1182&ssl=1",1953,1182,true],"covernews-featured":["https:\/\/i0.wp.com\/saknews.net\/ku\/wp-content\/uploads\/2025\/12\/FB_IMG_1765093434857.jpg?fit=1024%2C620&ssl=1",1024,620,true],"covernews-medium":["https:\/\/i0.wp.com\/saknews.net\/ku\/wp-content\/uploads\/2025\/12\/FB_IMG_1765093434857.jpg?resize=540%2C340&ssl=1",540,340,true]},"author_info":{"display_name":"Horan Hem","author_link":"https:\/\/saknews.net\/ku\/?author=8"},"category_info":"<a href=\"https:\/\/saknews.net\/ku\/?cat=34\" rel=\"category\">Daxuyan\u00ee<\/a>","tag_info":"Daxuyan\u00ee","comment_count":"0","_links":{"self":[{"href":"https:\/\/saknews.net\/ku\/index.php?rest_route=\/wp\/v2\/posts\/2728","targetHints":{"allow":["GET"]}}],"collection":[{"href":"https:\/\/saknews.net\/ku\/index.php?rest_route=\/wp\/v2\/posts"}],"about":[{"href":"https:\/\/saknews.net\/ku\/index.php?rest_route=\/wp\/v2\/types\/post"}],"author":[{"embeddable":true,"href":"https:\/\/saknews.net\/ku\/index.php?rest_route=\/wp\/v2\/users\/8"}],"replies":[{"embeddable":true,"href":"https:\/\/saknews.net\/ku\/index.php?rest_route=%2Fwp%2Fv2%2Fcomments&post=2728"}],"version-history":[{"count":1,"href":"https:\/\/saknews.net\/ku\/index.php?rest_route=\/wp\/v2\/posts\/2728\/revisions"}],"predecessor-version":[{"id":2730,"href":"https:\/\/saknews.net\/ku\/index.php?rest_route=\/wp\/v2\/posts\/2728\/revisions\/2730"}],"wp:featuredmedia":[{"embeddable":true,"href":"https:\/\/saknews.net\/ku\/index.php?rest_route=\/wp\/v2\/media\/2729"}],"wp:attachment":[{"href":"https:\/\/saknews.net\/ku\/index.php?rest_route=%2Fwp%2Fv2%2Fmedia&parent=2728"}],"wp:term":[{"taxonomy":"category","embeddable":true,"href":"https:\/\/saknews.net\/ku\/index.php?rest_route=%2Fwp%2Fv2%2Fcategories&post=2728"},{"taxonomy":"post_tag","embeddable":true,"href":"https:\/\/saknews.net\/ku\/index.php?rest_route=%2Fwp%2Fv2%2Ftags&post=2728"}],"curies":[{"name":"wp","href":"https:\/\/api.w.org\/{rel}","templated":true}]}}