{"id":2733,"date":"2025-12-14T21:34:51","date_gmt":"2025-12-14T21:34:51","guid":{"rendered":"https:\/\/saknews.net\/ku\/?p=2733"},"modified":"2025-12-14T21:34:51","modified_gmt":"2025-12-14T21:34:51","slug":"spela-azadi-ya-kurdistani-u-tevgera-astiya-kurdistane-be-dewleteke-federal-a-demokratik-ji-bo-suriyeye-istiqrar-pek-naye","status":"publish","type":"post","link":"https:\/\/saknews.net\/ku\/?p=2733","title":{"rendered":"\u015fp\u00eala Azad\u00ee ya Kurdistan\u00ee \u00fb Tevgera A\u015ftiya Kurdistan\u00ea: B\u00ea dewleteke federal a demokrat\u00eek, ji bo S\u00fbriyey\u00ea \u00eest\u00eeqrar p\u00eak nay\u00ea."},"content":{"rendered":"<p>\u00cero, Yek\u015fem\u00ea, li Dortmund, Almanya, di navbera \u015fep\u00eala Azad\u00ee ya Kurdistan\u00ee \u00fb Tevgera A\u015ftiya Kurdistan\u00ea de, civ\u00eeneke siyas\u00ee ya hevbe\u015f hat lidarxistin, wek\u00ee be\u015fek ji hewldan\u00ean hevr\u00eazkirina helwestan \u00fb dan\u00fbstandina n\u00ear\u00eenan li ser p\u00ea\u015fketin\u00ean rew\u015fa S\u00fbriyey\u00ea \u00fb r\u00eay\u00ean derbaskirina kr\u00eeza avah\u00eesaziy\u00ea ya berdewam.<\/p>\n<p>&nbsp;<\/p>\n<p>\u015fp\u00eala Azad\u00ee ya Kurdistan\u00ee di civ\u00een\u00ea de ji h\u00eala Dr. Tariq Xirk\u00ee, c\u00eegir\u00ea serok\u00ea tevger\u00ea, \u00fb Bir\u00eaz D\u00eedar M\u00eero, serok\u00ea Niv\u00eesgeha T\u00eakiliyan \u00fb endam\u00ea encumena serokatiy\u00ea ve hat tems\u00eelkirin. Tevgera A\u015ftiya Kurdistan\u00ea ji h\u00eala Bir\u00eaz Sil\u00eaman Sil\u00eaman, koord\u00eenator\u00ea tevger\u00ea \u00fb serok\u00ea Eniya Kurdistan\u00ea ya S\u00fbriyey\u00ea ve hat tems\u00eelkirin.<\/p>\n<p>&nbsp;<\/p>\n<p>Her du aliyan rew\u015fa gi\u015ft\u00ee ya S\u00fbriyey\u00ea, bi giran\u00ee li ser rew\u015fa Kurdan di ronahiya veguher\u00een\u00ean siyas\u00ee \u00fb le\u015fker\u00ee y\u00ean bilez \u00fb pirsgir\u00eak\u00ean ku civak\u00ean c\u00fbda y\u00ean S\u00fbriyey\u00ea p\u00ea re r\u00fb bi r\u00fb ne, nemaze gef\u00ean Tirkiyey\u00ea y\u00ean berdewam \u00ean ku Rojavay\u00ea Kurdistan\u00ea hedef digirin, \u00fb xetera rasterast a ku ev gef li ser aram\u00ee \u00fb a\u015ftiya siv\u00eel a her\u00eam\u00ea \u00e7\u00eadikin, n\u00eeqa\u015f kirin.<\/p>\n<p>&nbsp;<\/p>\n<p>Herdu aliyan tekez kirin ku aramiya li S\u00fbriyey\u00ea b\u00eay\u00ee be\u015fdariya dadperwer \u00fb rasteq\u00eene ya hem\u00fb p\u00eakhatey\u00ean S\u00fbriyey\u00ea di jiyana siyas\u00ee \u00fb biryardan\u00ea de nay\u00ea bidestxistin. Wan tekez kirin ku her projeyek netewey\u00ee ya p\u00ea\u015feroj\u00ea div\u00ea li ser bingeha niv\u00eesandina dest\u00fbrek n\u00fb, demokrat\u00eek \u00fb n\u00fbjen be ku maf\u00ean netewey\u00ee, siyas\u00ee \u00fb \u00e7and\u00ee y\u00ean hem\u00fb p\u00eakhateyan garant\u00ee bike \u00fb prens\u00eeba hemwelat\u00eeb\u00fbna wekhev b\u00eay\u00ee cudah\u00ee an j\u00ee cudakar\u00ee bic\u00eeh b\u00eene.<\/p>\n<p>&nbsp;<\/p>\n<p>Herdu aliyan tekez kirin ku pergala r\u00eaveberiy\u00ea ya navend\u00ee \u00fb yek-part\u00ee t\u00eak\u00e7\u00fbna xwe ya d\u00eerok\u00ee \u00eespat kiriye \u00fb \u00ead\u00ee ji bo bir\u00eavebirina dewletek pir-etn\u00eek\u00ee \u00fb pir-ol\u00ee wek\u00ee S\u00fbriyey\u00ea ne guncaw e, nemaze pi\u015ft\u00ee z\u00eadetir\u00ee p\u00eanc dehsalan ji zulm, \u00eenkar \u00fb zordariya s\u00eestemat\u00eek, \u00fb trajediy\u00ean k\u00fbr \u00ean siyas\u00ee, abor\u00ee \u00fb civak\u00ee y\u00ean ku bi gi\u015ft\u00ee gel\u00ea S\u00fbriyey\u00ea \u00fb bi taybet\u00ee gel\u00ea Kurd \u00ea\u015fandine.<\/p>\n<p>&nbsp;<\/p>\n<p>Di v\u00ea \u00e7ar\u00e7ovey\u00ea de, her du aliyan tekez kirin ku \u00e7areseriya \u00e7\u00eatir\u00een ji bo S\u00fbriyey\u00ea di avakirina dewletek demokrat\u00eek \u00fb federal de ye ku \u015fir\u00eekatiya rasteq\u00een di navbera hem\u00fb p\u00eakhatey\u00ean w\u00ea de garant\u00ee dike, p\u00ea\u015f\u00ee li ji n\u00fb ve \u00e7\u00eab\u00fbna pergala navend\u00ee ya otor\u00eeter digire, \u00fb serdemek n\u00fb li ser bingeha edalet, nenavend\u00ee \u00fb r\u00eazgirtina \u00eeradeya gel \u00fb maf\u00ean w\u00ee y\u00ean rewa ava dike.<\/p>\n<p>&nbsp;<\/p>\n<p>Di civ\u00een\u00ea de rew\u015fa Eniya Kurdistana S\u00fbriyey\u00ea j\u00ee hate n\u00eeqa\u015fkirin, mekan\u00eezmay\u00ean ji bo p\u00ea\u015fxistina w\u00ea \u00fb xurtkirina rola w\u00ea ya siyas\u00ee \u00fb r\u00eaxistin\u00ee, \u00fb her weha berfirehkirina heb\u00fbn \u00fb bandora w\u00ea li ser asta her\u00eam\u00ee \u00fb navnetewey\u00ee hatin n\u00eeqa\u015fkirin. Ev armanc dike ku xizmeta doza Kurd li S\u00fbriyey\u00ea bike \u00fb di \u00e7ar\u00e7oveya berfirehtir a S\u00fbriyey\u00ea de be\u015fdar\u00ee \u00e7\u00eakirina helwestek netewey\u00ee ya Kurd a yekgirt\u00ee bibe.<\/p>\n<p>&nbsp;<\/p>\n<p>Tevgera A\u015ftiy\u00ea ya Kurdistan\u00ea<\/p>\n<p>&nbsp;<\/p>\n<p>\u015fp\u00eala Azad\u00ee ya Kurdistan\u00ee<\/p>\n<p>&nbsp;<\/p>\n<p>13\u00ea Kan\u00fbna P\u00ea\u015f\u00een, 2025<\/p>\n<p>&nbsp;<\/p>\n<p>\u00cero, Yek\u015fem\u00ea, di navbera Tevgera Azadiya Kurdistan\u00ea \u00fb Tevgera A\u015ftiy\u00ea ya Kurd de li Dortmund, Almanya civ\u00eenek siyas\u00ee ya hevbe\u015f hate lidarxistin. Ev civ\u00een be\u015fek ji hewldan\u00ean berdewam b\u00fb ji bo hevr\u00eazkirina helwestan \u00fb dan\u00fbstandina n\u00ear\u00eenan li ser p\u00ea\u015fketin\u00ean li ser rew\u015fa S\u00fbriyey\u00ea \u00fb r\u00eay\u00ean derbaskirina kr\u00eeza w\u00ea ya avah\u00eesaziy\u00ea ya domdar.<\/p>\n<p>&nbsp;<\/p>\n<p>Tevgera Azadiya Kurd di civ\u00een\u00ea de ji h\u00eala Dr. Tariq Khirki, C\u00eegir\u00ea Serok\u00ea Tevger\u00ea, \u00fb Bir\u00eaz Didar M\u00eero, Serok\u00ea Niv\u00eesgeha T\u00eakiliyan \u00fb endam\u00ea Encumena R\u00eabertiy\u00ea ve hate tems\u00eelkirin. Tevgera A\u015ftiy\u00ea ya Kurd ji h\u00eala Bir\u00eaz Sil\u00eaman Sil\u00eaman, Koord\u00eenator\u00ea Tevger\u00ea \u00fb Serok\u00ea Eniya Kurdistana S\u00fbriyey\u00ea ve hate tems\u00eelkirin.<\/p>\n<p>&nbsp;<\/p>\n<p>Herdu aliyan rew\u015fa gi\u015ft\u00ee ya S\u00fbriyey\u00ea, bi giran\u00ee li ser rew\u015fa Kurdan, di ronahiya p\u00ea\u015fketin\u00ean bilez \u00ean siyas\u00ee \u00fb le\u015fker\u00ee \u00fb pirsgir\u00eak\u00ean ku civak\u00ean c\u00fbda y\u00ean S\u00fbriyey\u00ea p\u00ea re r\u00fb bi r\u00fb ne, nemaze gef\u00ean berdewam \u00ean Tirkiyey\u00ea y\u00ean li ser Kurdistana S\u00fbriyey\u00ea, ku xetereyek rasterast li ser aram\u00ee \u00fb a\u015ftiya siv\u00eel a her\u00eam\u00ea \u00e7\u00eadikin, n\u00eeqa\u015f kirin.<\/p>\n<p>&nbsp;<\/p>\n<p>Herdu aliyan pi\u015ftrast kirin ku aramiya li S\u00fbriyey\u00ea b\u00eay\u00ee be\u015fdariya dadperwer \u00fb rast\u00een a hem\u00ee civak\u00ean S\u00fbriyey\u00ea di jiyana siyas\u00ee \u00fb biryardan\u00ea de nay\u00ea bidestxistin. Wan tekez kir ku her projeyek netewey\u00ee ya p\u00ea\u015feroj\u00ea div\u00ea li ser bingeha niv\u00eesandina dest\u00fbrek n\u00fb, demokrat\u00eek \u00fb n\u00fbjen be ku maf\u00ean netewey\u00ee, siyas\u00ee \u00fb \u00e7and\u00ee y\u00ean hem\u00ee civakan garant\u00ee bike \u00fb prens\u00eeba hemwelat\u00eeb\u00fbna wekhev b\u00eay\u00ee \u00eest\u00eesna an cudakariy\u00ea bic\u00eeh b\u00eene.<\/p>\n<p>&nbsp;<\/p>\n<p>Herdu aliyan tekez kirin ku pergala r\u00eaveberiy\u00ea ya navend\u00ee \u00fb yek-part\u00ee t\u00eak\u00e7\u00fbna xwe ya d\u00eerok\u00ee \u00eespat kiriye \u00fb \u00ead\u00ee ji bo bir\u00eavebirina dewletek pir-etn\u00eek\u00ee \u00fb pir-ol\u00ee wek\u00ee S\u00fbriyey\u00ea ne guncaw e, nemaze pi\u015ft\u00ee z\u00eadetir\u00ee p\u00eanc dehsalan ji zulm, \u00eenkar \u00fb tepeserkirina s\u00eestemat\u00eek, \u00fb trajediy\u00ean k\u00fbr \u00ean siyas\u00ee, abor\u00ee \u00fb civak\u00ee y\u00ean ku bandor li gel\u00ea S\u00fbriyey\u00ea bi gi\u015ft\u00ee \u00fb gel\u00ea Kurd bi taybet\u00ee kirine.<\/p>\n<p>&nbsp;<\/p>\n<p>Di v\u00ea \u00e7ar\u00e7ovey\u00ea de, her du aliyan pi\u015ftrast kirin ku \u00e7areseriya \u00e7\u00eatir\u00een ji bo S\u00fbriyey\u00ea di avakirina dewletek demokrat\u00eek \u00fb federal de ye ku \u015fir\u00eekatiyek rast\u00een di navbera hem\u00ee p\u00eakhatey\u00ean w\u00ea de garant\u00ee dike, p\u00ea\u015f\u00ee li ji n\u00fb ve \u00e7\u00eab\u00fbna pergalek navend\u00ee ya otor\u00eeter digire, \u00fb qonaxek n\u00fb li ser bingeha edalet, nenavend\u00eekirin \u00fb r\u00eazgirtina ji bo \u00eeradeya gel \u00fb maf\u00ean wan \u00ean rewa ava dike.<\/p>\n<p>&nbsp;<\/p>\n<p>Di civ\u00een\u00ea de her wiha rew\u015fa Eniya Kurdistana S\u00fbriyey\u00ea hate n\u00eeqa\u015f kirin, mekan\u00eezmay\u00ean ji bo p\u00ea\u015fxistina w\u00ea \u00fb xurtkirina rola w\u00ea ya siyas\u00ee \u00fb r\u00eaxistin\u00ee, \u00fb her weha berfirehkirina heb\u00fbn \u00fb bandora w\u00ea li ser asta her\u00eam\u00ee \u00fb navnetewey\u00ee hate n\u00eeqa\u015f kirin. Ev armanc dike ku xizmeta doza Kurd li S\u00fbriyey\u00ea bike \u00fb be\u015fdar\u00ee \u00e7\u00eakirina helwestek netewey\u00ee ya yekgirt\u00ee ya Kurd di \u00e7ar\u00e7oveya berfirehtir a S\u00fbriyey\u00ea de bibe.<\/p>\n<p>&nbsp;<\/p>\n<p>Tevgera A\u015ftiy\u00ea ya Kurdistan\u00ea<\/p>\n<p>\u015fep\u00eala Azad\u00ee ya Kurdistan\u00ea<\/p>\n<p>&nbsp;<\/p>\n<p>13\u00ea Kan\u00fbna P\u00ea\u015f\u00een, 2025<\/p>\n","protected":false},"excerpt":{"rendered":"<p>\u00cero, Yek\u015fem\u00ea, li Dortmund, Almanya, di navbera \u015fep\u00eala Azad\u00ee ya Kurdistan\u00ee \u00fb Tevgera A\u015ftiya Kurdistan\u00ea&#8230;<\/p>\n","protected":false},"author":8,"featured_media":2734,"comment_status":"closed","ping_status":"closed","sticky":false,"template":"","format":"standard","meta":{"footnotes":""},"categories":[56],"tags":[],"class_list":["post-2733","post","type-post","status-publish","format-standard","has-post-thumbnail","hentry","category-lekolin"],"yoast_head":"<!-- This site is optimized with the Yoast SEO plugin v27.5 - https:\/\/yoast.com\/product\/yoast-seo-wordpress\/ -->\n<title>\u015fp\u00eala Azad\u00ee ya Kurdistan\u00ee \u00fb Tevgera A\u015ftiya Kurdistan\u00ea: B\u00ea dewleteke federal a demokrat\u00eek, ji bo S\u00fbriyey\u00ea \u00eest\u00eeqrar p\u00eak nay\u00ea. &#8226; \u015eAK<\/title>\n<meta name=\"robots\" content=\"index, follow, max-snippet:-1, max-image-preview:large, max-video-preview:-1\" \/>\n<link rel=\"canonical\" href=\"https:\/\/saknews.net\/ku\/?p=2733\" \/>\n<meta property=\"og:locale\" content=\"en_US\" \/>\n<meta property=\"og:type\" content=\"article\" \/>\n<meta property=\"og:title\" content=\"\u015fp\u00eala Azad\u00ee ya Kurdistan\u00ee \u00fb Tevgera A\u015ftiya Kurdistan\u00ea: B\u00ea dewleteke federal a demokrat\u00eek, ji bo S\u00fbriyey\u00ea \u00eest\u00eeqrar p\u00eak nay\u00ea. &#8226; \u015eAK\" \/>\n<meta property=\"og:description\" content=\"\u00cero, Yek\u015fem\u00ea, li Dortmund, Almanya, di navbera \u015fep\u00eala Azad\u00ee ya Kurdistan\u00ee \u00fb Tevgera A\u015ftiya Kurdistan\u00ea...\" \/>\n<meta property=\"og:url\" content=\"https:\/\/saknews.net\/ku\/?p=2733\" \/>\n<meta property=\"og:site_name\" content=\"\u015eAK\" \/>\n<meta property=\"article:publisher\" content=\"https:\/\/www.facebook.com\/Shepel.ewropa\" \/>\n<meta property=\"article:published_time\" content=\"2025-12-14T21:34:51+00:00\" \/>\n<meta property=\"og:image\" content=\"https:\/\/saknews.net\/ku\/wp-content\/uploads\/2025\/12\/IMG-20251214-WA0230.jpg\" \/>\n\t<meta property=\"og:image:width\" content=\"900\" \/>\n\t<meta property=\"og:image:height\" content=\"1600\" \/>\n\t<meta property=\"og:image:type\" content=\"image\/jpeg\" \/>\n<meta name=\"author\" content=\"Horan Hem\" \/>\n<meta name=\"twitter:card\" content=\"summary_large_image\" \/>\n<meta name=\"twitter:label1\" content=\"Written by\" \/>\n\t<meta name=\"twitter:data1\" content=\"Horan Hem\" \/>\n\t<meta name=\"twitter:label2\" content=\"Est. reading time\" \/>\n\t<meta name=\"twitter:data2\" content=\"4 minutes\" \/>\n<script type=\"application\/ld+json\" class=\"yoast-schema-graph\">{\"@context\":\"https:\\\/\\\/schema.org\",\"@graph\":[{\"@type\":\"Article\",\"@id\":\"https:\\\/\\\/saknews.net\\\/ku\\\/?p=2733#article\",\"isPartOf\":{\"@id\":\"https:\\\/\\\/saknews.net\\\/ku\\\/?p=2733\"},\"author\":{\"name\":\"Horan Hem\",\"@id\":\"https:\\\/\\\/saknews.net\\\/ku\\\/#\\\/schema\\\/person\\\/72ae32a4041a3817e015b63d8f409058\"},\"headline\":\"\u015fp\u00eala Azad\u00ee ya Kurdistan\u00ee \u00fb Tevgera A\u015ftiya Kurdistan\u00ea: B\u00ea dewleteke federal a demokrat\u00eek, ji bo S\u00fbriyey\u00ea \u00eest\u00eeqrar p\u00eak nay\u00ea.\",\"datePublished\":\"2025-12-14T21:34:51+00:00\",\"mainEntityOfPage\":{\"@id\":\"https:\\\/\\\/saknews.net\\\/ku\\\/?p=2733\"},\"wordCount\":1085,\"publisher\":{\"@id\":\"https:\\\/\\\/saknews.net\\\/ku\\\/#organization\"},\"image\":{\"@id\":\"https:\\\/\\\/saknews.net\\\/ku\\\/?p=2733#primaryimage\"},\"thumbnailUrl\":\"https:\\\/\\\/i0.wp.com\\\/saknews.net\\\/ku\\\/wp-content\\\/uploads\\\/2025\\\/12\\\/IMG-20251214-WA0230.jpg?fit=900%2C1600&ssl=1\",\"articleSection\":[\"L\u00eakol\u00een\"],\"inLanguage\":\"en-US\"},{\"@type\":\"WebPage\",\"@id\":\"https:\\\/\\\/saknews.net\\\/ku\\\/?p=2733\",\"url\":\"https:\\\/\\\/saknews.net\\\/ku\\\/?p=2733\",\"name\":\"\u015fp\u00eala Azad\u00ee ya Kurdistan\u00ee \u00fb Tevgera A\u015ftiya Kurdistan\u00ea: B\u00ea dewleteke federal a demokrat\u00eek, ji bo S\u00fbriyey\u00ea \u00eest\u00eeqrar p\u00eak nay\u00ea. &#8226; \u015eAK\",\"isPartOf\":{\"@id\":\"https:\\\/\\\/saknews.net\\\/ku\\\/#website\"},\"primaryImageOfPage\":{\"@id\":\"https:\\\/\\\/saknews.net\\\/ku\\\/?p=2733#primaryimage\"},\"image\":{\"@id\":\"https:\\\/\\\/saknews.net\\\/ku\\\/?p=2733#primaryimage\"},\"thumbnailUrl\":\"https:\\\/\\\/i0.wp.com\\\/saknews.net\\\/ku\\\/wp-content\\\/uploads\\\/2025\\\/12\\\/IMG-20251214-WA0230.jpg?fit=900%2C1600&ssl=1\",\"datePublished\":\"2025-12-14T21:34:51+00:00\",\"breadcrumb\":{\"@id\":\"https:\\\/\\\/saknews.net\\\/ku\\\/?p=2733#breadcrumb\"},\"inLanguage\":\"en-US\",\"potentialAction\":[{\"@type\":\"ReadAction\",\"target\":[\"https:\\\/\\\/saknews.net\\\/ku\\\/?p=2733\"]}]},{\"@type\":\"ImageObject\",\"inLanguage\":\"en-US\",\"@id\":\"https:\\\/\\\/saknews.net\\\/ku\\\/?p=2733#primaryimage\",\"url\":\"https:\\\/\\\/i0.wp.com\\\/saknews.net\\\/ku\\\/wp-content\\\/uploads\\\/2025\\\/12\\\/IMG-20251214-WA0230.jpg?fit=900%2C1600&ssl=1\",\"contentUrl\":\"https:\\\/\\\/i0.wp.com\\\/saknews.net\\\/ku\\\/wp-content\\\/uploads\\\/2025\\\/12\\\/IMG-20251214-WA0230.jpg?fit=900%2C1600&ssl=1\",\"width\":900,\"height\":1600},{\"@type\":\"BreadcrumbList\",\"@id\":\"https:\\\/\\\/saknews.net\\\/ku\\\/?p=2733#breadcrumb\",\"itemListElement\":[{\"@type\":\"ListItem\",\"position\":1,\"name\":\"\u0627\u0644\u0631\u0626\u064a\u0633\u064a\u0629\",\"item\":\"https:\\\/\\\/saknews.net\\\/ku\\\/\"},{\"@type\":\"ListItem\",\"position\":2,\"name\":\"L\u00eakol\u00een\",\"item\":\"https:\\\/\\\/saknews.net\\\/ku\\\/?cat=56\"},{\"@type\":\"ListItem\",\"position\":3,\"name\":\"\u015fp\u00eala Azad\u00ee ya Kurdistan\u00ee \u00fb Tevgera A\u015ftiya Kurdistan\u00ea: B\u00ea dewleteke federal a demokrat\u00eek, ji bo S\u00fbriyey\u00ea \u00eest\u00eeqrar p\u00eak nay\u00ea.\"}]},{\"@type\":\"WebSite\",\"@id\":\"https:\\\/\\\/saknews.net\\\/ku\\\/#website\",\"url\":\"https:\\\/\\\/saknews.net\\\/ku\\\/\",\"name\":\"S\u0327epe\u0302la Azadi\u0302 ya Kurdistani\u0302\",\"description\":\"\u062a\u064a\u0627\u0631 \u0627\u0644\u062d\u0631\u064a\u0629 \u0627\u0644\u0643\u0648\u0631\u062f\u0633\u062a\u0627\u0646\u064a \u015eep\u00eala Azad\u00ee ya Kurdistan\u00ee\",\"publisher\":{\"@id\":\"https:\\\/\\\/saknews.net\\\/ku\\\/#organization\"},\"potentialAction\":[{\"@type\":\"SearchAction\",\"target\":{\"@type\":\"EntryPoint\",\"urlTemplate\":\"https:\\\/\\\/saknews.net\\\/ku\\\/?s={search_term_string}\"},\"query-input\":{\"@type\":\"PropertyValueSpecification\",\"valueRequired\":true,\"valueName\":\"search_term_string\"}}],\"inLanguage\":\"en-US\"},{\"@type\":\"Organization\",\"@id\":\"https:\\\/\\\/saknews.net\\\/ku\\\/#organization\",\"name\":\"\u015eep\u00eala Azadiy\u00ea ya Kurdistan\u00ea - \u062a\u064a\u0627\u0631 \u0627\u0644\u062d\u0631\u064a\u0629 \u0627\u0644\u0643\u0648\u0631\u062f\u0633\u062a\u0627\u0646\u064a\",\"url\":\"https:\\\/\\\/saknews.net\\\/ku\\\/\",\"logo\":{\"@type\":\"ImageObject\",\"inLanguage\":\"en-US\",\"@id\":\"https:\\\/\\\/saknews.net\\\/ku\\\/#\\\/schema\\\/logo\\\/image\\\/\",\"url\":\"https:\\\/\\\/i0.wp.com\\\/saknews.net\\\/ku\\\/wp-content\\\/uploads\\\/2024\\\/11\\\/cropped-logo-1.png?fit=512%2C512&ssl=1\",\"contentUrl\":\"https:\\\/\\\/i0.wp.com\\\/saknews.net\\\/ku\\\/wp-content\\\/uploads\\\/2024\\\/11\\\/cropped-logo-1.png?fit=512%2C512&ssl=1\",\"width\":512,\"height\":512,\"caption\":\"\u015eep\u00eala Azadiy\u00ea ya Kurdistan\u00ea - \u062a\u064a\u0627\u0631 \u0627\u0644\u062d\u0631\u064a\u0629 \u0627\u0644\u0643\u0648\u0631\u062f\u0633\u062a\u0627\u0646\u064a\"},\"image\":{\"@id\":\"https:\\\/\\\/saknews.net\\\/ku\\\/#\\\/schema\\\/logo\\\/image\\\/\"},\"sameAs\":[\"https:\\\/\\\/www.facebook.com\\\/Shepel.ewropa\"]},{\"@type\":\"Person\",\"@id\":\"https:\\\/\\\/saknews.net\\\/ku\\\/#\\\/schema\\\/person\\\/72ae32a4041a3817e015b63d8f409058\",\"name\":\"Horan Hem\",\"url\":\"https:\\\/\\\/saknews.net\\\/ku\\\/?author=8\"}]}<\/script>\n<!-- \/ Yoast SEO plugin. -->","yoast_head_json":{"title":"\u015fp\u00eala Azad\u00ee ya Kurdistan\u00ee \u00fb Tevgera A\u015ftiya Kurdistan\u00ea: B\u00ea dewleteke federal a demokrat\u00eek, ji bo S\u00fbriyey\u00ea \u00eest\u00eeqrar p\u00eak nay\u00ea. &#8226; \u015eAK","robots":{"index":"index","follow":"follow","max-snippet":"max-snippet:-1","max-image-preview":"max-image-preview:large","max-video-preview":"max-video-preview:-1"},"canonical":"https:\/\/saknews.net\/ku\/?p=2733","og_locale":"en_US","og_type":"article","og_title":"\u015fp\u00eala Azad\u00ee ya Kurdistan\u00ee \u00fb Tevgera A\u015ftiya Kurdistan\u00ea: B\u00ea dewleteke federal a demokrat\u00eek, ji bo S\u00fbriyey\u00ea \u00eest\u00eeqrar p\u00eak nay\u00ea. &#8226; \u015eAK","og_description":"\u00cero, Yek\u015fem\u00ea, li Dortmund, Almanya, di navbera \u015fep\u00eala Azad\u00ee ya Kurdistan\u00ee \u00fb Tevgera A\u015ftiya Kurdistan\u00ea...","og_url":"https:\/\/saknews.net\/ku\/?p=2733","og_site_name":"\u015eAK","article_publisher":"https:\/\/www.facebook.com\/Shepel.ewropa","article_published_time":"2025-12-14T21:34:51+00:00","og_image":[{"width":900,"height":1600,"url":"https:\/\/saknews.net\/ku\/wp-content\/uploads\/2025\/12\/IMG-20251214-WA0230.jpg","type":"image\/jpeg"}],"author":"Horan Hem","twitter_card":"summary_large_image","twitter_misc":{"Written by":"Horan Hem","Est. reading time":"4 minutes"},"schema":{"@context":"https:\/\/schema.org","@graph":[{"@type":"Article","@id":"https:\/\/saknews.net\/ku\/?p=2733#article","isPartOf":{"@id":"https:\/\/saknews.net\/ku\/?p=2733"},"author":{"name":"Horan Hem","@id":"https:\/\/saknews.net\/ku\/#\/schema\/person\/72ae32a4041a3817e015b63d8f409058"},"headline":"\u015fp\u00eala Azad\u00ee ya Kurdistan\u00ee \u00fb Tevgera A\u015ftiya Kurdistan\u00ea: B\u00ea dewleteke federal a demokrat\u00eek, ji bo S\u00fbriyey\u00ea \u00eest\u00eeqrar p\u00eak nay\u00ea.","datePublished":"2025-12-14T21:34:51+00:00","mainEntityOfPage":{"@id":"https:\/\/saknews.net\/ku\/?p=2733"},"wordCount":1085,"publisher":{"@id":"https:\/\/saknews.net\/ku\/#organization"},"image":{"@id":"https:\/\/saknews.net\/ku\/?p=2733#primaryimage"},"thumbnailUrl":"https:\/\/i0.wp.com\/saknews.net\/ku\/wp-content\/uploads\/2025\/12\/IMG-20251214-WA0230.jpg?fit=900%2C1600&ssl=1","articleSection":["L\u00eakol\u00een"],"inLanguage":"en-US"},{"@type":"WebPage","@id":"https:\/\/saknews.net\/ku\/?p=2733","url":"https:\/\/saknews.net\/ku\/?p=2733","name":"\u015fp\u00eala Azad\u00ee ya Kurdistan\u00ee \u00fb Tevgera A\u015ftiya Kurdistan\u00ea: B\u00ea dewleteke federal a demokrat\u00eek, ji bo S\u00fbriyey\u00ea \u00eest\u00eeqrar p\u00eak nay\u00ea. &#8226; \u015eAK","isPartOf":{"@id":"https:\/\/saknews.net\/ku\/#website"},"primaryImageOfPage":{"@id":"https:\/\/saknews.net\/ku\/?p=2733#primaryimage"},"image":{"@id":"https:\/\/saknews.net\/ku\/?p=2733#primaryimage"},"thumbnailUrl":"https:\/\/i0.wp.com\/saknews.net\/ku\/wp-content\/uploads\/2025\/12\/IMG-20251214-WA0230.jpg?fit=900%2C1600&ssl=1","datePublished":"2025-12-14T21:34:51+00:00","breadcrumb":{"@id":"https:\/\/saknews.net\/ku\/?p=2733#breadcrumb"},"inLanguage":"en-US","potentialAction":[{"@type":"ReadAction","target":["https:\/\/saknews.net\/ku\/?p=2733"]}]},{"@type":"ImageObject","inLanguage":"en-US","@id":"https:\/\/saknews.net\/ku\/?p=2733#primaryimage","url":"https:\/\/i0.wp.com\/saknews.net\/ku\/wp-content\/uploads\/2025\/12\/IMG-20251214-WA0230.jpg?fit=900%2C1600&ssl=1","contentUrl":"https:\/\/i0.wp.com\/saknews.net\/ku\/wp-content\/uploads\/2025\/12\/IMG-20251214-WA0230.jpg?fit=900%2C1600&ssl=1","width":900,"height":1600},{"@type":"BreadcrumbList","@id":"https:\/\/saknews.net\/ku\/?p=2733#breadcrumb","itemListElement":[{"@type":"ListItem","position":1,"name":"\u0627\u0644\u0631\u0626\u064a\u0633\u064a\u0629","item":"https:\/\/saknews.net\/ku\/"},{"@type":"ListItem","position":2,"name":"L\u00eakol\u00een","item":"https:\/\/saknews.net\/ku\/?cat=56"},{"@type":"ListItem","position":3,"name":"\u015fp\u00eala Azad\u00ee ya Kurdistan\u00ee \u00fb Tevgera A\u015ftiya Kurdistan\u00ea: B\u00ea dewleteke federal a demokrat\u00eek, ji bo S\u00fbriyey\u00ea \u00eest\u00eeqrar p\u00eak nay\u00ea."}]},{"@type":"WebSite","@id":"https:\/\/saknews.net\/ku\/#website","url":"https:\/\/saknews.net\/ku\/","name":"S\u0327epe\u0302la Azadi\u0302 ya Kurdistani\u0302","description":"\u062a\u064a\u0627\u0631 \u0627\u0644\u062d\u0631\u064a\u0629 \u0627\u0644\u0643\u0648\u0631\u062f\u0633\u062a\u0627\u0646\u064a \u015eep\u00eala Azad\u00ee ya Kurdistan\u00ee","publisher":{"@id":"https:\/\/saknews.net\/ku\/#organization"},"potentialAction":[{"@type":"SearchAction","target":{"@type":"EntryPoint","urlTemplate":"https:\/\/saknews.net\/ku\/?s={search_term_string}"},"query-input":{"@type":"PropertyValueSpecification","valueRequired":true,"valueName":"search_term_string"}}],"inLanguage":"en-US"},{"@type":"Organization","@id":"https:\/\/saknews.net\/ku\/#organization","name":"\u015eep\u00eala Azadiy\u00ea ya Kurdistan\u00ea - \u062a\u064a\u0627\u0631 \u0627\u0644\u062d\u0631\u064a\u0629 \u0627\u0644\u0643\u0648\u0631\u062f\u0633\u062a\u0627\u0646\u064a","url":"https:\/\/saknews.net\/ku\/","logo":{"@type":"ImageObject","inLanguage":"en-US","@id":"https:\/\/saknews.net\/ku\/#\/schema\/logo\/image\/","url":"https:\/\/i0.wp.com\/saknews.net\/ku\/wp-content\/uploads\/2024\/11\/cropped-logo-1.png?fit=512%2C512&ssl=1","contentUrl":"https:\/\/i0.wp.com\/saknews.net\/ku\/wp-content\/uploads\/2024\/11\/cropped-logo-1.png?fit=512%2C512&ssl=1","width":512,"height":512,"caption":"\u015eep\u00eala Azadiy\u00ea ya Kurdistan\u00ea - \u062a\u064a\u0627\u0631 \u0627\u0644\u062d\u0631\u064a\u0629 \u0627\u0644\u0643\u0648\u0631\u062f\u0633\u062a\u0627\u0646\u064a"},"image":{"@id":"https:\/\/saknews.net\/ku\/#\/schema\/logo\/image\/"},"sameAs":["https:\/\/www.facebook.com\/Shepel.ewropa"]},{"@type":"Person","@id":"https:\/\/saknews.net\/ku\/#\/schema\/person\/72ae32a4041a3817e015b63d8f409058","name":"Horan Hem","url":"https:\/\/saknews.net\/ku\/?author=8"}]}},"featured_image_urls":{"full":["https:\/\/i0.wp.com\/saknews.net\/ku\/wp-content\/uploads\/2025\/12\/IMG-20251214-WA0230.jpg?fit=900%2C1600&ssl=1",900,1600,false],"thumbnail":["https:\/\/i0.wp.com\/saknews.net\/ku\/wp-content\/uploads\/2025\/12\/IMG-20251214-WA0230.jpg?resize=150%2C150&ssl=1",150,150,true],"medium":["https:\/\/i0.wp.com\/saknews.net\/ku\/wp-content\/uploads\/2025\/12\/IMG-20251214-WA0230.jpg?fit=169%2C300&ssl=1",169,300,true],"medium_large":["https:\/\/i0.wp.com\/saknews.net\/ku\/wp-content\/uploads\/2025\/12\/IMG-20251214-WA0230.jpg?fit=640%2C1138&ssl=1",640,1138,true],"large":["https:\/\/i0.wp.com\/saknews.net\/ku\/wp-content\/uploads\/2025\/12\/IMG-20251214-WA0230.jpg?fit=576%2C1024&ssl=1",576,1024,true],"1536x1536":["https:\/\/i0.wp.com\/saknews.net\/ku\/wp-content\/uploads\/2025\/12\/IMG-20251214-WA0230.jpg?fit=864%2C1536&ssl=1",864,1536,true],"2048x2048":["https:\/\/i0.wp.com\/saknews.net\/ku\/wp-content\/uploads\/2025\/12\/IMG-20251214-WA0230.jpg?fit=900%2C1600&ssl=1",900,1600,true],"covernews-featured":["https:\/\/i0.wp.com\/saknews.net\/ku\/wp-content\/uploads\/2025\/12\/IMG-20251214-WA0230.jpg?fit=900%2C1600&ssl=1",900,1600,true],"covernews-medium":["https:\/\/i0.wp.com\/saknews.net\/ku\/wp-content\/uploads\/2025\/12\/IMG-20251214-WA0230.jpg?resize=540%2C340&ssl=1",540,340,true]},"author_info":{"display_name":"Horan Hem","author_link":"https:\/\/saknews.net\/ku\/?author=8"},"category_info":"<a href=\"https:\/\/saknews.net\/ku\/?cat=56\" rel=\"category\">L\u00eakol\u00een<\/a>","tag_info":"L\u00eakol\u00een","comment_count":"0","_links":{"self":[{"href":"https:\/\/saknews.net\/ku\/index.php?rest_route=\/wp\/v2\/posts\/2733","targetHints":{"allow":["GET"]}}],"collection":[{"href":"https:\/\/saknews.net\/ku\/index.php?rest_route=\/wp\/v2\/posts"}],"about":[{"href":"https:\/\/saknews.net\/ku\/index.php?rest_route=\/wp\/v2\/types\/post"}],"author":[{"embeddable":true,"href":"https:\/\/saknews.net\/ku\/index.php?rest_route=\/wp\/v2\/users\/8"}],"replies":[{"embeddable":true,"href":"https:\/\/saknews.net\/ku\/index.php?rest_route=%2Fwp%2Fv2%2Fcomments&post=2733"}],"version-history":[{"count":1,"href":"https:\/\/saknews.net\/ku\/index.php?rest_route=\/wp\/v2\/posts\/2733\/revisions"}],"predecessor-version":[{"id":2735,"href":"https:\/\/saknews.net\/ku\/index.php?rest_route=\/wp\/v2\/posts\/2733\/revisions\/2735"}],"wp:featuredmedia":[{"embeddable":true,"href":"https:\/\/saknews.net\/ku\/index.php?rest_route=\/wp\/v2\/media\/2734"}],"wp:attachment":[{"href":"https:\/\/saknews.net\/ku\/index.php?rest_route=%2Fwp%2Fv2%2Fmedia&parent=2733"}],"wp:term":[{"taxonomy":"category","embeddable":true,"href":"https:\/\/saknews.net\/ku\/index.php?rest_route=%2Fwp%2Fv2%2Fcategories&post=2733"},{"taxonomy":"post_tag","embeddable":true,"href":"https:\/\/saknews.net\/ku\/index.php?rest_route=%2Fwp%2Fv2%2Ftags&post=2733"}],"curies":[{"name":"wp","href":"https:\/\/api.w.org\/{rel}","templated":true}]}}