{"id":2738,"date":"2025-12-21T06:01:00","date_gmt":"2025-12-21T06:01:00","guid":{"rendered":"https:\/\/saknews.net\/ku\/?p=2738"},"modified":"2025-12-21T07:48:46","modified_gmt":"2025-12-21T07:48:46","slug":"daxuyaniya-komiteya-reveber-a-sepela-azadiyi-ya-kurdistani","status":"publish","type":"post","link":"https:\/\/saknews.net\/ku\/?p=2738","title":{"rendered":"Daxuyaniya Kom\u00eeteya R\u00eaveber a \u015fep\u00eala Azadiy\u00ee ya Kurdistan\u00ee"},"content":{"rendered":"<p>Di civ\u00eena xwe ya di 20\u00ea Kan\u00fbna P\u00ea\u015f\u00een a 2025 an de, Encumena R\u00eaberiy\u00ea \u015fep\u00eala Azadiy\u00ee ya Kurdistan\u00ee biryar da ku Profesor D\u00eedar M\u00eero wek\u00ee Serok\u00ea \u015fep\u00eal\u00ea \u00fb Dr. Tariq Xirk\u00ee \u00fb Kurdistan Ham wek\u00ee C\u00eegir\u00ean Serok destn\u00ee\u015fan bike. Ev biryar ji berpirsiyariya netewey\u00ee \u00fb r\u00eaxistin\u00ee ya Encumen\u00ea derdikeve \u00fb li gor\u00ee daxwaz\u00ean qonaxa siyas\u00ee ya hesas a ku niha li Kurdistana S\u00fbriyey\u00ea \u00fb S\u00fbriyey\u00ea bi gi\u015ft\u00ee diqewime ye.<\/p>\n<p>&nbsp;<\/p>\n<p>Armanca v\u00ea biryar\u00ea ew e ku r\u00eaberiya kolekt\u00eef xurt bike \u00fb Tevger\u00ea ji h\u00eala siyas\u00ee \u00fb r\u00eaxistin\u00ee ve xurt bike, da ku ew bikaribe t\u00eako\u015f\u00eena xwe di parastina maf\u00ean gel\u00ea me y\u00ea Kurd de, r\u00fbbir\u00fbb\u00fbna pol\u00eet\u00eekay\u00ean d\u00fbrxistin \u00fb marj\u00eenal\u00eezekirin\u00ea, \u00fb xebata ji bo veguherandina h\u00eaviy\u00ean gel\u00ea me bo bernameyek siyas\u00ee ya bi bandor \u00fb bibandor de p\u00eak b\u00eene.<\/p>\n<p>&nbsp;<\/p>\n<p>Encumena R\u00eaberiy\u00ea pabendb\u00fbna xwe ya ji bo berdewamiya n\u00eaz\u00eekatiya siyas\u00ee ya \u015fep\u00eal\u00ea \u00fb pabendb\u00fbna w\u00ea ya hi\u015fk bi bernameya xwe ya li ser bingeha azad\u00ee, edalet, demokras\u00ee \u00fb maf\u00ea \u00e7aren\u00fbsa gelan pi\u015ftrast kir, \u00fb v\u00ea yek\u00ea wek\u00ee hilbijartinek bingeh\u00een \u00fb b\u00eanavber, b\u00eay\u00ee ku mezinahiya pirsgir\u00eakan \u00e7i be, dihesib\u00eene. Serkirdayetiy\u00ea tekez kir ku yek\u00eetiya Kurdan p\u00ea\u015faniyek netewey\u00ee ye ku nay\u00ea pa\u015fxistin, \u00fb pabendb\u00fbna tevger\u00ea ji bo avakirina t\u00eakiliy\u00ean xurt \u00ean Kurd\u00ee bi hem\u00ee h\u00eaz\u00ean siyas\u00ee re, li ser bingeha biratiya netewey\u00ee, berjewendiy\u00ean hevbe\u015f, \u00fb r\u00fbbir\u00fbb\u00fbna projey\u00ean ku \u00eeradeya gel\u00ea me \u00fb maf\u00ean wan \u00ean d\u00eerok\u00ee hedef digirin, pi\u015ftrast kir.<\/p>\n<p>&nbsp;<\/p>\n<p>Di v\u00ea \u00e7ar\u00e7ovey\u00ea de, serkirdayetiy\u00ea pabendb\u00fbna xwe ya ji bo xurtkirina hevr\u00eaz\u00ee \u00fb \u00e7alakiya hevbe\u015f bi tevgera Kurd a S\u00fbriyey\u00ea re dubare kir, bi ber\u00e7avgirtina ku t\u00eako\u015f\u00eena Kurd nikare par\u00e7e bibe an j\u00ee \u00eezole bibe, l\u00ea bel\u00ea hewldanek kolekt\u00eef \u00fb r\u00eaxistinkir\u00ee ye ku xizmeta doza gel\u00ea me li Kurdistana S\u00fbriyey\u00ea dike \u00fb poz\u00eesyona wan di her \u00e7areseriyek siyas\u00ee ya p\u00ea\u015feroj\u00ea de xurt dike.<\/p>\n<p>&nbsp;<\/p>\n<p>Serkirdayetiy\u00ea her wiha pi\u015ftrast kir ku pirsgir\u00eaka Kurd be\u015fek yekgirt\u00ee ya pirsgir\u00eaka netewey\u00ee ya S\u00fbriyey\u00ea ye, \u00fb tevger berdewam dike ku t\u00eakiliy\u00ean xwe y\u00ean netewey\u00ee bi hem\u00ee etn\u00ees\u00eete \u00fb mezheb\u00ean S\u00fbriyey\u00ea re p\u00ea\u015f bixe, li ser bingeha hevkariya rast\u00een, redkirina zordariy\u00ea, \u00fb avakirina dewletek demokrat\u00eek \u00fb piral\u00ee ku maf\u00ean wekhev ji bo her kes\u00ee garant\u00ee dike. Serkirdayetiy\u00ea tekez kir ku xebata hevbe\u015f di nav Eniya Kurdistana S\u00fbriyey\u00ea de berdewam dike, \u00fb pi\u015ftrast kir ku tevger be\u015fek \u00e7alak a v\u00ea \u00e7ar\u00e7ovey\u00ea b\u00fbye \u00fb d\u00ea bim\u00eene, ji ber ku p\u00eaw\u00eestiya w\u00ea ya d\u00eerok\u00ee heye ku yek\u00eetiya helwesta Kurdan bipar\u00eaze \u00fb heb\u00fbna xwe ya siyas\u00ee xurt bike.<\/p>\n<p>&nbsp;<\/p>\n<p>Di dawiya civ\u00een\u00ea de, be\u015fdaran helwestek zelal \u00fb b\u00ea guman ragihandin: Kurd \u00fb hem\u00fb netewey\u00ean din \u00ean S\u00fbr\u00ee ji bil\u00ee federal\u00eezm\u00ea ti vebijarkek din n\u00eenin, ji ber ku ew garantiya siyas\u00ee \u00fb prat\u00eek\u00ee ye ji bo bidaw\u00eean\u00eena zordariy\u00ea, parastina maf\u00ean netewey\u00ee \u00fb avakirina S\u00fbriyeyek n\u00fb, demokrat\u00eek \u00fb nenavend\u00ee ku hem\u00fb welatiy\u00ean xwe b\u00eay\u00ee cudah\u00ee \u00fb b\u00ea cudah\u00ee dihew\u00een<\/p>\n<p>&nbsp;<\/p>\n<p>Kom\u00eeteya R\u00eaveber \u015fep\u00eala Azadiy\u00ee ya Kurdistan\u00ee<\/p>\n<p>&nbsp;<\/p>\n<p>20\u00ea Kan\u00fbna P\u00ea\u015f\u00een, 2025<\/p>\n","protected":false},"excerpt":{"rendered":"<p>Di civ\u00eena xwe ya di 20\u00ea Kan\u00fbna P\u00ea\u015f\u00een a 2025 an de, Encumena R\u00eaberiy\u00ea \u015fep\u00eala&#8230;<\/p>\n","protected":false},"author":8,"featured_media":2739,"comment_status":"closed","ping_status":"closed","sticky":false,"template":"","format":"standard","meta":{"footnotes":""},"categories":[54],"tags":[],"class_list":["post-2738","post","type-post","status-publish","format-standard","has-post-thumbnail","hentry","category-54"],"yoast_head":"<!-- This site is optimized with the Yoast SEO plugin v27.5 - https:\/\/yoast.com\/product\/yoast-seo-wordpress\/ -->\n<title>Daxuyaniya Kom\u00eeteya R\u00eaveber a \u015fep\u00eala Azadiy\u00ee ya Kurdistan\u00ee &#8226; \u015eAK<\/title>\n<meta name=\"robots\" content=\"index, follow, max-snippet:-1, max-image-preview:large, max-video-preview:-1\" \/>\n<link rel=\"canonical\" href=\"https:\/\/saknews.net\/ku\/?p=2738\" \/>\n<meta property=\"og:locale\" content=\"en_US\" \/>\n<meta property=\"og:type\" content=\"article\" \/>\n<meta property=\"og:title\" content=\"Daxuyaniya Kom\u00eeteya R\u00eaveber a \u015fep\u00eala Azadiy\u00ee ya Kurdistan\u00ee &#8226; \u015eAK\" \/>\n<meta property=\"og:description\" content=\"Di civ\u00eena xwe ya di 20\u00ea Kan\u00fbna P\u00ea\u015f\u00een a 2025 an de, Encumena R\u00eaberiy\u00ea \u015fep\u00eala...\" \/>\n<meta property=\"og:url\" content=\"https:\/\/saknews.net\/ku\/?p=2738\" \/>\n<meta property=\"og:site_name\" content=\"\u015eAK\" \/>\n<meta property=\"article:publisher\" content=\"https:\/\/www.facebook.com\/Shepel.ewropa\" \/>\n<meta property=\"article:published_time\" content=\"2025-12-21T06:01:00+00:00\" \/>\n<meta property=\"article:modified_time\" content=\"2025-12-21T07:48:46+00:00\" \/>\n<meta property=\"og:image\" content=\"https:\/\/saknews.net\/ku\/wp-content\/uploads\/2025\/12\/IMG-20251220-WA0139.jpg\" \/>\n\t<meta property=\"og:image:width\" content=\"1600\" \/>\n\t<meta property=\"og:image:height\" content=\"898\" \/>\n\t<meta property=\"og:image:type\" content=\"image\/jpeg\" \/>\n<meta name=\"author\" content=\"Horan Hem\" \/>\n<meta name=\"twitter:card\" content=\"summary_large_image\" \/>\n<meta name=\"twitter:label1\" content=\"Written by\" \/>\n\t<meta name=\"twitter:data1\" content=\"Horan Hem\" \/>\n\t<meta name=\"twitter:label2\" content=\"Est. reading time\" \/>\n\t<meta name=\"twitter:data2\" content=\"3 minutes\" \/>\n<script type=\"application\/ld+json\" class=\"yoast-schema-graph\">{\"@context\":\"https:\\\/\\\/schema.org\",\"@graph\":[{\"@type\":\"Article\",\"@id\":\"https:\\\/\\\/saknews.net\\\/ku\\\/?p=2738#article\",\"isPartOf\":{\"@id\":\"https:\\\/\\\/saknews.net\\\/ku\\\/?p=2738\"},\"author\":{\"name\":\"Horan Hem\",\"@id\":\"https:\\\/\\\/saknews.net\\\/ku\\\/#\\\/schema\\\/person\\\/72ae32a4041a3817e015b63d8f409058\"},\"headline\":\"Daxuyaniya Kom\u00eeteya R\u00eaveber a \u015fep\u00eala Azadiy\u00ee ya Kurdistan\u00ee\",\"datePublished\":\"2025-12-21T06:01:00+00:00\",\"dateModified\":\"2025-12-21T07:48:46+00:00\",\"mainEntityOfPage\":{\"@id\":\"https:\\\/\\\/saknews.net\\\/ku\\\/?p=2738\"},\"wordCount\":567,\"publisher\":{\"@id\":\"https:\\\/\\\/saknews.net\\\/ku\\\/#organization\"},\"image\":{\"@id\":\"https:\\\/\\\/saknews.net\\\/ku\\\/?p=2738#primaryimage\"},\"thumbnailUrl\":\"https:\\\/\\\/i0.wp.com\\\/saknews.net\\\/ku\\\/wp-content\\\/uploads\\\/2025\\\/12\\\/IMG-20251220-WA0139.jpg?fit=1600%2C898&ssl=1\",\"articleSection\":[\"\u0627\u0644\u0628\u0644\u0627\u063a\"],\"inLanguage\":\"en-US\"},{\"@type\":\"WebPage\",\"@id\":\"https:\\\/\\\/saknews.net\\\/ku\\\/?p=2738\",\"url\":\"https:\\\/\\\/saknews.net\\\/ku\\\/?p=2738\",\"name\":\"Daxuyaniya Kom\u00eeteya R\u00eaveber a \u015fep\u00eala Azadiy\u00ee ya Kurdistan\u00ee &#8226; \u015eAK\",\"isPartOf\":{\"@id\":\"https:\\\/\\\/saknews.net\\\/ku\\\/#website\"},\"primaryImageOfPage\":{\"@id\":\"https:\\\/\\\/saknews.net\\\/ku\\\/?p=2738#primaryimage\"},\"image\":{\"@id\":\"https:\\\/\\\/saknews.net\\\/ku\\\/?p=2738#primaryimage\"},\"thumbnailUrl\":\"https:\\\/\\\/i0.wp.com\\\/saknews.net\\\/ku\\\/wp-content\\\/uploads\\\/2025\\\/12\\\/IMG-20251220-WA0139.jpg?fit=1600%2C898&ssl=1\",\"datePublished\":\"2025-12-21T06:01:00+00:00\",\"dateModified\":\"2025-12-21T07:48:46+00:00\",\"breadcrumb\":{\"@id\":\"https:\\\/\\\/saknews.net\\\/ku\\\/?p=2738#breadcrumb\"},\"inLanguage\":\"en-US\",\"potentialAction\":[{\"@type\":\"ReadAction\",\"target\":[\"https:\\\/\\\/saknews.net\\\/ku\\\/?p=2738\"]}]},{\"@type\":\"ImageObject\",\"inLanguage\":\"en-US\",\"@id\":\"https:\\\/\\\/saknews.net\\\/ku\\\/?p=2738#primaryimage\",\"url\":\"https:\\\/\\\/i0.wp.com\\\/saknews.net\\\/ku\\\/wp-content\\\/uploads\\\/2025\\\/12\\\/IMG-20251220-WA0139.jpg?fit=1600%2C898&ssl=1\",\"contentUrl\":\"https:\\\/\\\/i0.wp.com\\\/saknews.net\\\/ku\\\/wp-content\\\/uploads\\\/2025\\\/12\\\/IMG-20251220-WA0139.jpg?fit=1600%2C898&ssl=1\",\"width\":1600,\"height\":898},{\"@type\":\"BreadcrumbList\",\"@id\":\"https:\\\/\\\/saknews.net\\\/ku\\\/?p=2738#breadcrumb\",\"itemListElement\":[{\"@type\":\"ListItem\",\"position\":1,\"name\":\"\u0627\u0644\u0631\u0626\u064a\u0633\u064a\u0629\",\"item\":\"https:\\\/\\\/saknews.net\\\/ku\\\/\"},{\"@type\":\"ListItem\",\"position\":2,\"name\":\"N\u00fb\u00e7e\",\"item\":\"https:\\\/\\\/saknews.net\\\/ku\\\/?cat=49\"},{\"@type\":\"ListItem\",\"position\":3,\"name\":\"Daxuyan\u00ee\",\"item\":\"https:\\\/\\\/saknews.net\\\/ku\\\/?cat=34\"},{\"@type\":\"ListItem\",\"position\":4,\"name\":\"\u0627\u0644\u0628\u0644\u0627\u063a\",\"item\":\"https:\\\/\\\/saknews.net\\\/ku\\\/?cat=54\"},{\"@type\":\"ListItem\",\"position\":5,\"name\":\"Daxuyaniya Kom\u00eeteya R\u00eaveber a \u015fep\u00eala Azadiy\u00ee ya Kurdistan\u00ee\"}]},{\"@type\":\"WebSite\",\"@id\":\"https:\\\/\\\/saknews.net\\\/ku\\\/#website\",\"url\":\"https:\\\/\\\/saknews.net\\\/ku\\\/\",\"name\":\"S\u0327epe\u0302la Azadi\u0302 ya Kurdistani\u0302\",\"description\":\"\u062a\u064a\u0627\u0631 \u0627\u0644\u062d\u0631\u064a\u0629 \u0627\u0644\u0643\u0648\u0631\u062f\u0633\u062a\u0627\u0646\u064a \u015eep\u00eala Azad\u00ee ya Kurdistan\u00ee\",\"publisher\":{\"@id\":\"https:\\\/\\\/saknews.net\\\/ku\\\/#organization\"},\"potentialAction\":[{\"@type\":\"SearchAction\",\"target\":{\"@type\":\"EntryPoint\",\"urlTemplate\":\"https:\\\/\\\/saknews.net\\\/ku\\\/?s={search_term_string}\"},\"query-input\":{\"@type\":\"PropertyValueSpecification\",\"valueRequired\":true,\"valueName\":\"search_term_string\"}}],\"inLanguage\":\"en-US\"},{\"@type\":\"Organization\",\"@id\":\"https:\\\/\\\/saknews.net\\\/ku\\\/#organization\",\"name\":\"\u015eep\u00eala Azadiy\u00ea ya Kurdistan\u00ea - \u062a\u064a\u0627\u0631 \u0627\u0644\u062d\u0631\u064a\u0629 \u0627\u0644\u0643\u0648\u0631\u062f\u0633\u062a\u0627\u0646\u064a\",\"url\":\"https:\\\/\\\/saknews.net\\\/ku\\\/\",\"logo\":{\"@type\":\"ImageObject\",\"inLanguage\":\"en-US\",\"@id\":\"https:\\\/\\\/saknews.net\\\/ku\\\/#\\\/schema\\\/logo\\\/image\\\/\",\"url\":\"https:\\\/\\\/i0.wp.com\\\/saknews.net\\\/ku\\\/wp-content\\\/uploads\\\/2024\\\/11\\\/cropped-logo-1.png?fit=512%2C512&ssl=1\",\"contentUrl\":\"https:\\\/\\\/i0.wp.com\\\/saknews.net\\\/ku\\\/wp-content\\\/uploads\\\/2024\\\/11\\\/cropped-logo-1.png?fit=512%2C512&ssl=1\",\"width\":512,\"height\":512,\"caption\":\"\u015eep\u00eala Azadiy\u00ea ya Kurdistan\u00ea - \u062a\u064a\u0627\u0631 \u0627\u0644\u062d\u0631\u064a\u0629 \u0627\u0644\u0643\u0648\u0631\u062f\u0633\u062a\u0627\u0646\u064a\"},\"image\":{\"@id\":\"https:\\\/\\\/saknews.net\\\/ku\\\/#\\\/schema\\\/logo\\\/image\\\/\"},\"sameAs\":[\"https:\\\/\\\/www.facebook.com\\\/Shepel.ewropa\"]},{\"@type\":\"Person\",\"@id\":\"https:\\\/\\\/saknews.net\\\/ku\\\/#\\\/schema\\\/person\\\/72ae32a4041a3817e015b63d8f409058\",\"name\":\"Horan Hem\",\"url\":\"https:\\\/\\\/saknews.net\\\/ku\\\/?author=8\"}]}<\/script>\n<!-- \/ Yoast SEO plugin. -->","yoast_head_json":{"title":"Daxuyaniya Kom\u00eeteya R\u00eaveber a \u015fep\u00eala Azadiy\u00ee ya Kurdistan\u00ee &#8226; \u015eAK","robots":{"index":"index","follow":"follow","max-snippet":"max-snippet:-1","max-image-preview":"max-image-preview:large","max-video-preview":"max-video-preview:-1"},"canonical":"https:\/\/saknews.net\/ku\/?p=2738","og_locale":"en_US","og_type":"article","og_title":"Daxuyaniya Kom\u00eeteya R\u00eaveber a \u015fep\u00eala Azadiy\u00ee ya Kurdistan\u00ee &#8226; \u015eAK","og_description":"Di civ\u00eena xwe ya di 20\u00ea Kan\u00fbna P\u00ea\u015f\u00een a 2025 an de, Encumena R\u00eaberiy\u00ea \u015fep\u00eala...","og_url":"https:\/\/saknews.net\/ku\/?p=2738","og_site_name":"\u015eAK","article_publisher":"https:\/\/www.facebook.com\/Shepel.ewropa","article_published_time":"2025-12-21T06:01:00+00:00","article_modified_time":"2025-12-21T07:48:46+00:00","og_image":[{"width":1600,"height":898,"url":"https:\/\/saknews.net\/ku\/wp-content\/uploads\/2025\/12\/IMG-20251220-WA0139.jpg","type":"image\/jpeg"}],"author":"Horan Hem","twitter_card":"summary_large_image","twitter_misc":{"Written by":"Horan Hem","Est. reading time":"3 minutes"},"schema":{"@context":"https:\/\/schema.org","@graph":[{"@type":"Article","@id":"https:\/\/saknews.net\/ku\/?p=2738#article","isPartOf":{"@id":"https:\/\/saknews.net\/ku\/?p=2738"},"author":{"name":"Horan Hem","@id":"https:\/\/saknews.net\/ku\/#\/schema\/person\/72ae32a4041a3817e015b63d8f409058"},"headline":"Daxuyaniya Kom\u00eeteya R\u00eaveber a \u015fep\u00eala Azadiy\u00ee ya Kurdistan\u00ee","datePublished":"2025-12-21T06:01:00+00:00","dateModified":"2025-12-21T07:48:46+00:00","mainEntityOfPage":{"@id":"https:\/\/saknews.net\/ku\/?p=2738"},"wordCount":567,"publisher":{"@id":"https:\/\/saknews.net\/ku\/#organization"},"image":{"@id":"https:\/\/saknews.net\/ku\/?p=2738#primaryimage"},"thumbnailUrl":"https:\/\/i0.wp.com\/saknews.net\/ku\/wp-content\/uploads\/2025\/12\/IMG-20251220-WA0139.jpg?fit=1600%2C898&ssl=1","articleSection":["\u0627\u0644\u0628\u0644\u0627\u063a"],"inLanguage":"en-US"},{"@type":"WebPage","@id":"https:\/\/saknews.net\/ku\/?p=2738","url":"https:\/\/saknews.net\/ku\/?p=2738","name":"Daxuyaniya Kom\u00eeteya R\u00eaveber a \u015fep\u00eala Azadiy\u00ee ya Kurdistan\u00ee &#8226; \u015eAK","isPartOf":{"@id":"https:\/\/saknews.net\/ku\/#website"},"primaryImageOfPage":{"@id":"https:\/\/saknews.net\/ku\/?p=2738#primaryimage"},"image":{"@id":"https:\/\/saknews.net\/ku\/?p=2738#primaryimage"},"thumbnailUrl":"https:\/\/i0.wp.com\/saknews.net\/ku\/wp-content\/uploads\/2025\/12\/IMG-20251220-WA0139.jpg?fit=1600%2C898&ssl=1","datePublished":"2025-12-21T06:01:00+00:00","dateModified":"2025-12-21T07:48:46+00:00","breadcrumb":{"@id":"https:\/\/saknews.net\/ku\/?p=2738#breadcrumb"},"inLanguage":"en-US","potentialAction":[{"@type":"ReadAction","target":["https:\/\/saknews.net\/ku\/?p=2738"]}]},{"@type":"ImageObject","inLanguage":"en-US","@id":"https:\/\/saknews.net\/ku\/?p=2738#primaryimage","url":"https:\/\/i0.wp.com\/saknews.net\/ku\/wp-content\/uploads\/2025\/12\/IMG-20251220-WA0139.jpg?fit=1600%2C898&ssl=1","contentUrl":"https:\/\/i0.wp.com\/saknews.net\/ku\/wp-content\/uploads\/2025\/12\/IMG-20251220-WA0139.jpg?fit=1600%2C898&ssl=1","width":1600,"height":898},{"@type":"BreadcrumbList","@id":"https:\/\/saknews.net\/ku\/?p=2738#breadcrumb","itemListElement":[{"@type":"ListItem","position":1,"name":"\u0627\u0644\u0631\u0626\u064a\u0633\u064a\u0629","item":"https:\/\/saknews.net\/ku\/"},{"@type":"ListItem","position":2,"name":"N\u00fb\u00e7e","item":"https:\/\/saknews.net\/ku\/?cat=49"},{"@type":"ListItem","position":3,"name":"Daxuyan\u00ee","item":"https:\/\/saknews.net\/ku\/?cat=34"},{"@type":"ListItem","position":4,"name":"\u0627\u0644\u0628\u0644\u0627\u063a","item":"https:\/\/saknews.net\/ku\/?cat=54"},{"@type":"ListItem","position":5,"name":"Daxuyaniya Kom\u00eeteya R\u00eaveber a \u015fep\u00eala Azadiy\u00ee ya Kurdistan\u00ee"}]},{"@type":"WebSite","@id":"https:\/\/saknews.net\/ku\/#website","url":"https:\/\/saknews.net\/ku\/","name":"S\u0327epe\u0302la Azadi\u0302 ya Kurdistani\u0302","description":"\u062a\u064a\u0627\u0631 \u0627\u0644\u062d\u0631\u064a\u0629 \u0627\u0644\u0643\u0648\u0631\u062f\u0633\u062a\u0627\u0646\u064a \u015eep\u00eala Azad\u00ee ya Kurdistan\u00ee","publisher":{"@id":"https:\/\/saknews.net\/ku\/#organization"},"potentialAction":[{"@type":"SearchAction","target":{"@type":"EntryPoint","urlTemplate":"https:\/\/saknews.net\/ku\/?s={search_term_string}"},"query-input":{"@type":"PropertyValueSpecification","valueRequired":true,"valueName":"search_term_string"}}],"inLanguage":"en-US"},{"@type":"Organization","@id":"https:\/\/saknews.net\/ku\/#organization","name":"\u015eep\u00eala Azadiy\u00ea ya Kurdistan\u00ea - \u062a\u064a\u0627\u0631 \u0627\u0644\u062d\u0631\u064a\u0629 \u0627\u0644\u0643\u0648\u0631\u062f\u0633\u062a\u0627\u0646\u064a","url":"https:\/\/saknews.net\/ku\/","logo":{"@type":"ImageObject","inLanguage":"en-US","@id":"https:\/\/saknews.net\/ku\/#\/schema\/logo\/image\/","url":"https:\/\/i0.wp.com\/saknews.net\/ku\/wp-content\/uploads\/2024\/11\/cropped-logo-1.png?fit=512%2C512&ssl=1","contentUrl":"https:\/\/i0.wp.com\/saknews.net\/ku\/wp-content\/uploads\/2024\/11\/cropped-logo-1.png?fit=512%2C512&ssl=1","width":512,"height":512,"caption":"\u015eep\u00eala Azadiy\u00ea ya Kurdistan\u00ea - \u062a\u064a\u0627\u0631 \u0627\u0644\u062d\u0631\u064a\u0629 \u0627\u0644\u0643\u0648\u0631\u062f\u0633\u062a\u0627\u0646\u064a"},"image":{"@id":"https:\/\/saknews.net\/ku\/#\/schema\/logo\/image\/"},"sameAs":["https:\/\/www.facebook.com\/Shepel.ewropa"]},{"@type":"Person","@id":"https:\/\/saknews.net\/ku\/#\/schema\/person\/72ae32a4041a3817e015b63d8f409058","name":"Horan Hem","url":"https:\/\/saknews.net\/ku\/?author=8"}]}},"featured_image_urls":{"full":["https:\/\/i0.wp.com\/saknews.net\/ku\/wp-content\/uploads\/2025\/12\/IMG-20251220-WA0139.jpg?fit=1600%2C898&ssl=1",1600,898,false],"thumbnail":["https:\/\/i0.wp.com\/saknews.net\/ku\/wp-content\/uploads\/2025\/12\/IMG-20251220-WA0139.jpg?resize=150%2C150&ssl=1",150,150,true],"medium":["https:\/\/i0.wp.com\/saknews.net\/ku\/wp-content\/uploads\/2025\/12\/IMG-20251220-WA0139.jpg?fit=300%2C168&ssl=1",300,168,true],"medium_large":["https:\/\/i0.wp.com\/saknews.net\/ku\/wp-content\/uploads\/2025\/12\/IMG-20251220-WA0139.jpg?fit=640%2C359&ssl=1",640,359,true],"large":["https:\/\/i0.wp.com\/saknews.net\/ku\/wp-content\/uploads\/2025\/12\/IMG-20251220-WA0139.jpg?fit=640%2C359&ssl=1",640,359,true],"1536x1536":["https:\/\/i0.wp.com\/saknews.net\/ku\/wp-content\/uploads\/2025\/12\/IMG-20251220-WA0139.jpg?fit=1536%2C862&ssl=1",1536,862,true],"2048x2048":["https:\/\/i0.wp.com\/saknews.net\/ku\/wp-content\/uploads\/2025\/12\/IMG-20251220-WA0139.jpg?fit=1600%2C898&ssl=1",1600,898,true],"covernews-featured":["https:\/\/i0.wp.com\/saknews.net\/ku\/wp-content\/uploads\/2025\/12\/IMG-20251220-WA0139.jpg?fit=1024%2C575&ssl=1",1024,575,true],"covernews-medium":["https:\/\/i0.wp.com\/saknews.net\/ku\/wp-content\/uploads\/2025\/12\/IMG-20251220-WA0139.jpg?resize=540%2C340&ssl=1",540,340,true]},"author_info":{"display_name":"Horan Hem","author_link":"https:\/\/saknews.net\/ku\/?author=8"},"category_info":"<a href=\"https:\/\/saknews.net\/ku\/?cat=54\" rel=\"category\">\u0627\u0644\u0628\u0644\u0627\u063a<\/a>","tag_info":"\u0627\u0644\u0628\u0644\u0627\u063a","comment_count":"0","_links":{"self":[{"href":"https:\/\/saknews.net\/ku\/index.php?rest_route=\/wp\/v2\/posts\/2738","targetHints":{"allow":["GET"]}}],"collection":[{"href":"https:\/\/saknews.net\/ku\/index.php?rest_route=\/wp\/v2\/posts"}],"about":[{"href":"https:\/\/saknews.net\/ku\/index.php?rest_route=\/wp\/v2\/types\/post"}],"author":[{"embeddable":true,"href":"https:\/\/saknews.net\/ku\/index.php?rest_route=\/wp\/v2\/users\/8"}],"replies":[{"embeddable":true,"href":"https:\/\/saknews.net\/ku\/index.php?rest_route=%2Fwp%2Fv2%2Fcomments&post=2738"}],"version-history":[{"count":3,"href":"https:\/\/saknews.net\/ku\/index.php?rest_route=\/wp\/v2\/posts\/2738\/revisions"}],"predecessor-version":[{"id":2744,"href":"https:\/\/saknews.net\/ku\/index.php?rest_route=\/wp\/v2\/posts\/2738\/revisions\/2744"}],"wp:featuredmedia":[{"embeddable":true,"href":"https:\/\/saknews.net\/ku\/index.php?rest_route=\/wp\/v2\/media\/2739"}],"wp:attachment":[{"href":"https:\/\/saknews.net\/ku\/index.php?rest_route=%2Fwp%2Fv2%2Fmedia&parent=2738"}],"wp:term":[{"taxonomy":"category","embeddable":true,"href":"https:\/\/saknews.net\/ku\/index.php?rest_route=%2Fwp%2Fv2%2Fcategories&post=2738"},{"taxonomy":"post_tag","embeddable":true,"href":"https:\/\/saknews.net\/ku\/index.php?rest_route=%2Fwp%2Fv2%2Ftags&post=2738"}],"curies":[{"name":"wp","href":"https:\/\/api.w.org\/{rel}","templated":true}]}}