{"id":2745,"date":"2026-01-06T22:43:19","date_gmt":"2026-01-06T22:43:19","guid":{"rendered":"https:\/\/saknews.net\/ku\/?p=2745"},"modified":"2026-01-06T22:43:19","modified_gmt":"2026-01-06T22:43:19","slug":"bi-nave-sepela-azadi-ya-kurdistani-daxuyaniyek-lezgin-a-sermezarkirine-hat-wesandin","status":"publish","type":"post","link":"https:\/\/saknews.net\/ku\/?p=2745","title":{"rendered":"Bi nav\u00ea \u015fep\u00eala Azad\u00ee ya Kurdistan\u00ee daxuyaniyek lezg\u00een a \u015fermezarkirin\u00ea hat we\u015fandin"},"content":{"rendered":"<p>\u015fep\u00eala Azad\u00ee ya Kurdistan\u00ee<\/p>\n<p>bi fikar \u00fb h\u00earseke mezin \u00ear\u00ee\u015f\u00ean berdewam \u00ean li ser tax\u00ean \u015e\u00eax Meqs\u00fbd \u00fb E\u015frefiy\u00ea y\u00ean Heleb\u00ea, ku dever\u00ean siv\u00eel \u00ean nif\u00fbs hedef digirin, di\u015fop\u00eene. Ev \u00ear\u00ee\u015f ji aliy\u00ea kom\u00ean \u00e7ekdar ve, di ser\u00ee de L\u00eewaya Hemze \u00fb kom\u00ean El-Em\u015fat, bi awayek\u00ee ku b\u00ear\u00eaziyeke tevah\u00ee ji bo jiyana siv\u00eelan \u00fb binp\u00eakirineke e\u015fkere ya hem\u00fb nirx\u00ean mirov\u00ee \u00fb peyman\u00ean navnetewey\u00ee n\u00ee\u015fan dide, t\u00eane kirin.<\/p>\n<p>Topbaran kirina b\u00easer\u00fbber, dorp\u00ea\u00e7kirin \u00fb bir\u00e7\u00eeb\u00fbna ku li ser van taxan t\u00ea ferzkirin, digel teror\u00eezekirina ni\u015ftecihan, rasterast bandor\u00ea li siv\u00eel\u00ean b\u00ea\u00e7ek, di nav de jin, zarok \u00fb kal \u00fb p\u00eeran dike. Ev yek s\u00fbcek\u00ee \u015fer \u00ea e\u015fkere \u00fb cezayek\u00ee kolekt\u00eef li ser bingeha etn\u00ees\u00eetey\u00ea ye, ku bi tu hincetek ewleh\u00ee an siyas\u00ee nay\u00ea rewakirin, \u00fb ne j\u00ee dikare wek\u00ee fait accompli were qeb\u00fblkirin di ronahiya b\u00eadengiya berdewama navnetewey\u00ee de.<\/p>\n<p>\u015fep\u00eala Azad\u00ee ya Kurdistan\u00ee Hik\u00fbmeta Demk\u00ee ya S\u00fbriyey\u00ea bi tevah\u00ee ji aliy\u00ea siyas\u00ee \u00fb qan\u00fbn\u00ee ve berpirsiyar\u00ea ti\u015ft\u00ea ku diqewime dib\u00eene, ji ber ku ew nikare an red dike ku kom\u00ean \u00e7ekdar \u00ean di bin kontrola xwe de s\u00eenordar bike, \u00fb b\u00eadengiya w\u00ea ya li ser binp\u00eakirin\u00ean giran \u00ean li dij\u00ee siv\u00eelan hatine kirin. Ev yek w\u00ea dike \u015fir\u00eekek bi bandor di van s\u00fbcan de \u00fb berpirsiyar\u00ea encam\u00ean wan \u00ean mirov\u00ee y\u00ean giran e.<\/p>\n<p>Armancgirtina siv\u00eel\u00ean Kurd li \u015e\u00eax Meqs\u00fbd \u00fb E\u015frefiy\u00ea ne ten\u00ea ye, l\u00ea be\u015fek ji siyaseteke s\u00eestemat\u00eek e ku armanc dike xelk\u00ea bitirs\u00eene, \u00eeradeya wan bi\u015fk\u00eene \u00fb bi zor\u00ea rastiyeke zor\u00ea ferz bike. Ev yek her axaftina li ser parastina siv\u00eelan an j\u00ee p\u00ea\u015ferojeke demokrat\u00eek \u00fb piral\u00ee li S\u00fbriyey\u00ea t\u00eak dibe, \u00fb mantiqa d\u00fbrxistin \u00fb tund\u00fbt\u00fbjiy\u00ea ku S\u00fbr\u00eeyey\u00eeyan bi salan bedel dane ji n\u00fb ve diafir\u00eene.<\/p>\n<p>\u015fep\u00eala Azad\u00ee ya Kurdistan\u00ee, di \u015fandina v\u00ea peyam\u00ea de ji civaka navnetewey\u00ee \u00fb r\u00eaxistin\u00ean navnetewey\u00ee \u00fb maf\u00ean mirovan re, tekez dike ku parastina siv\u00eelan ne mijarek hilbijartin\u00ea ye an j\u00ee mijara hesab\u00ean siyas\u00ee ye, l\u00ea bel\u00ea mecb\u00fbriyetek qan\u00fbn\u00ee \u00fb exlaq\u00ee ye ku nay\u00ea taw\u00eezdan. B\u00eadengiya berdewam a li ser b\u00fbyer\u00ean li \u015e\u00eax Meqs\u00fbd \u00fb E\u015frefiy\u00ea ne wekhev\u00ee b\u00eaal\u00eeb\u00fbn\u00ea ye; berevaj\u00ee v\u00ea, ew ve\u015fartinek b\u00eadeng ji bo berdewamiya s\u00fbc \u00fb giranb\u00fbna trajediya mirov\u00ee p\u00eak t\u00eene.<\/p>\n<p>Parastina r\u00fbmeta siv\u00eelan \u00fb maf\u00ea wan \u00ea jiyan \u00fb ewlehiy\u00ea bingeha her p\u00eavajoyeke siyas\u00ee ya cid\u00ee li S\u00fbriyey\u00ea ye. Her pa\u015fguhkirina v\u00ea rastiy\u00ea d\u00ea ten\u00ea bir\u00eenan k\u00fbrtir bike, atmosferek b\u00eacezatiy\u00ea bi\u00e7\u00eene, \u00fb der\u00ee li ber binp\u00eakirin\u00ean din \u00ean li dij\u00ee mirov\u00ean b\u00eaguneh veke.<\/p>\n<p>\u015fep\u00eala Azad\u00ee ya Kurdistan\u00ee<\/p>\n<p>7\u00ea \u00c7ileya 2026 an<\/p>\n","protected":false},"excerpt":{"rendered":"<p>\u015fep\u00eala Azad\u00ee ya Kurdistan\u00ee bi fikar \u00fb h\u00earseke mezin \u00ear\u00ee\u015f\u00ean berdewam \u00ean li ser tax\u00ean&#8230;<\/p>\n","protected":false},"author":8,"featured_media":2676,"comment_status":"closed","ping_status":"closed","sticky":false,"template":"","format":"standard","meta":{"footnotes":""},"categories":[34],"tags":[],"class_list":["post-2745","post","type-post","status-publish","format-standard","has-post-thumbnail","hentry","category-daxuyani"],"yoast_head":"<!-- This site is optimized with the Yoast SEO plugin v27.5 - https:\/\/yoast.com\/product\/yoast-seo-wordpress\/ -->\n<title>Bi nav\u00ea \u015fep\u00eala Azad\u00ee ya Kurdistan\u00ee daxuyaniyek lezg\u00een a \u015fermezarkirin\u00ea hat we\u015fandin &#8226; \u015eAK<\/title>\n<meta name=\"robots\" content=\"index, follow, max-snippet:-1, max-image-preview:large, max-video-preview:-1\" \/>\n<link rel=\"canonical\" href=\"https:\/\/saknews.net\/ku\/?p=2745\" \/>\n<meta property=\"og:locale\" content=\"en_US\" \/>\n<meta property=\"og:type\" content=\"article\" \/>\n<meta property=\"og:title\" content=\"Bi nav\u00ea \u015fep\u00eala Azad\u00ee ya Kurdistan\u00ee daxuyaniyek lezg\u00een a \u015fermezarkirin\u00ea hat we\u015fandin &#8226; \u015eAK\" \/>\n<meta property=\"og:description\" content=\"\u015fep\u00eala Azad\u00ee ya Kurdistan\u00ee bi fikar \u00fb h\u00earseke mezin \u00ear\u00ee\u015f\u00ean berdewam \u00ean li ser tax\u00ean...\" \/>\n<meta property=\"og:url\" content=\"https:\/\/saknews.net\/ku\/?p=2745\" \/>\n<meta property=\"og:site_name\" content=\"\u015eAK\" \/>\n<meta property=\"article:publisher\" content=\"https:\/\/www.facebook.com\/Shepel.ewropa\" \/>\n<meta property=\"article:published_time\" content=\"2026-01-06T22:43:19+00:00\" \/>\n<meta property=\"og:image\" content=\"https:\/\/saknews.net\/ku\/wp-content\/uploads\/2025\/10\/264256Artboard-6-copy-scaled.png\" \/>\n\t<meta property=\"og:image:width\" content=\"2560\" \/>\n\t<meta property=\"og:image:height\" content=\"1440\" \/>\n\t<meta property=\"og:image:type\" content=\"image\/png\" \/>\n<meta name=\"author\" content=\"Horan Hem\" \/>\n<meta name=\"twitter:card\" content=\"summary_large_image\" \/>\n<meta name=\"twitter:label1\" content=\"Written by\" \/>\n\t<meta name=\"twitter:data1\" content=\"Horan Hem\" \/>\n\t<meta name=\"twitter:label2\" content=\"Est. reading time\" \/>\n\t<meta name=\"twitter:data2\" content=\"2 minutes\" \/>\n<script type=\"application\/ld+json\" class=\"yoast-schema-graph\">{\"@context\":\"https:\\\/\\\/schema.org\",\"@graph\":[{\"@type\":\"Article\",\"@id\":\"https:\\\/\\\/saknews.net\\\/ku\\\/?p=2745#article\",\"isPartOf\":{\"@id\":\"https:\\\/\\\/saknews.net\\\/ku\\\/?p=2745\"},\"author\":{\"name\":\"Horan Hem\",\"@id\":\"https:\\\/\\\/saknews.net\\\/ku\\\/#\\\/schema\\\/person\\\/72ae32a4041a3817e015b63d8f409058\"},\"headline\":\"Bi nav\u00ea \u015fep\u00eala Azad\u00ee ya Kurdistan\u00ee daxuyaniyek lezg\u00een a \u015fermezarkirin\u00ea hat we\u015fandin\",\"datePublished\":\"2026-01-06T22:43:19+00:00\",\"mainEntityOfPage\":{\"@id\":\"https:\\\/\\\/saknews.net\\\/ku\\\/?p=2745\"},\"wordCount\":503,\"publisher\":{\"@id\":\"https:\\\/\\\/saknews.net\\\/ku\\\/#organization\"},\"image\":{\"@id\":\"https:\\\/\\\/saknews.net\\\/ku\\\/?p=2745#primaryimage\"},\"thumbnailUrl\":\"https:\\\/\\\/i0.wp.com\\\/saknews.net\\\/ku\\\/wp-content\\\/uploads\\\/2025\\\/10\\\/264256Artboard-6-copy-scaled.png?fit=2560%2C1440&ssl=1\",\"articleSection\":[\"Daxuyan\u00ee\"],\"inLanguage\":\"en-US\"},{\"@type\":\"WebPage\",\"@id\":\"https:\\\/\\\/saknews.net\\\/ku\\\/?p=2745\",\"url\":\"https:\\\/\\\/saknews.net\\\/ku\\\/?p=2745\",\"name\":\"Bi nav\u00ea \u015fep\u00eala Azad\u00ee ya Kurdistan\u00ee daxuyaniyek lezg\u00een a \u015fermezarkirin\u00ea hat we\u015fandin &#8226; \u015eAK\",\"isPartOf\":{\"@id\":\"https:\\\/\\\/saknews.net\\\/ku\\\/#website\"},\"primaryImageOfPage\":{\"@id\":\"https:\\\/\\\/saknews.net\\\/ku\\\/?p=2745#primaryimage\"},\"image\":{\"@id\":\"https:\\\/\\\/saknews.net\\\/ku\\\/?p=2745#primaryimage\"},\"thumbnailUrl\":\"https:\\\/\\\/i0.wp.com\\\/saknews.net\\\/ku\\\/wp-content\\\/uploads\\\/2025\\\/10\\\/264256Artboard-6-copy-scaled.png?fit=2560%2C1440&ssl=1\",\"datePublished\":\"2026-01-06T22:43:19+00:00\",\"breadcrumb\":{\"@id\":\"https:\\\/\\\/saknews.net\\\/ku\\\/?p=2745#breadcrumb\"},\"inLanguage\":\"en-US\",\"potentialAction\":[{\"@type\":\"ReadAction\",\"target\":[\"https:\\\/\\\/saknews.net\\\/ku\\\/?p=2745\"]}]},{\"@type\":\"ImageObject\",\"inLanguage\":\"en-US\",\"@id\":\"https:\\\/\\\/saknews.net\\\/ku\\\/?p=2745#primaryimage\",\"url\":\"https:\\\/\\\/i0.wp.com\\\/saknews.net\\\/ku\\\/wp-content\\\/uploads\\\/2025\\\/10\\\/264256Artboard-6-copy-scaled.png?fit=2560%2C1440&ssl=1\",\"contentUrl\":\"https:\\\/\\\/i0.wp.com\\\/saknews.net\\\/ku\\\/wp-content\\\/uploads\\\/2025\\\/10\\\/264256Artboard-6-copy-scaled.png?fit=2560%2C1440&ssl=1\",\"width\":2560,\"height\":1440},{\"@type\":\"BreadcrumbList\",\"@id\":\"https:\\\/\\\/saknews.net\\\/ku\\\/?p=2745#breadcrumb\",\"itemListElement\":[{\"@type\":\"ListItem\",\"position\":1,\"name\":\"\u0627\u0644\u0631\u0626\u064a\u0633\u064a\u0629\",\"item\":\"https:\\\/\\\/saknews.net\\\/ku\\\/\"},{\"@type\":\"ListItem\",\"position\":2,\"name\":\"N\u00fb\u00e7e\",\"item\":\"https:\\\/\\\/saknews.net\\\/ku\\\/?cat=49\"},{\"@type\":\"ListItem\",\"position\":3,\"name\":\"Daxuyan\u00ee\",\"item\":\"https:\\\/\\\/saknews.net\\\/ku\\\/?cat=34\"},{\"@type\":\"ListItem\",\"position\":4,\"name\":\"Bi nav\u00ea \u015fep\u00eala Azad\u00ee ya Kurdistan\u00ee daxuyaniyek lezg\u00een a \u015fermezarkirin\u00ea hat we\u015fandin\"}]},{\"@type\":\"WebSite\",\"@id\":\"https:\\\/\\\/saknews.net\\\/ku\\\/#website\",\"url\":\"https:\\\/\\\/saknews.net\\\/ku\\\/\",\"name\":\"S\u0327epe\u0302la Azadi\u0302 ya Kurdistani\u0302\",\"description\":\"\u062a\u064a\u0627\u0631 \u0627\u0644\u062d\u0631\u064a\u0629 \u0627\u0644\u0643\u0648\u0631\u062f\u0633\u062a\u0627\u0646\u064a \u015eep\u00eala Azad\u00ee ya Kurdistan\u00ee\",\"publisher\":{\"@id\":\"https:\\\/\\\/saknews.net\\\/ku\\\/#organization\"},\"potentialAction\":[{\"@type\":\"SearchAction\",\"target\":{\"@type\":\"EntryPoint\",\"urlTemplate\":\"https:\\\/\\\/saknews.net\\\/ku\\\/?s={search_term_string}\"},\"query-input\":{\"@type\":\"PropertyValueSpecification\",\"valueRequired\":true,\"valueName\":\"search_term_string\"}}],\"inLanguage\":\"en-US\"},{\"@type\":\"Organization\",\"@id\":\"https:\\\/\\\/saknews.net\\\/ku\\\/#organization\",\"name\":\"\u015eep\u00eala Azadiy\u00ea ya Kurdistan\u00ea - \u062a\u064a\u0627\u0631 \u0627\u0644\u062d\u0631\u064a\u0629 \u0627\u0644\u0643\u0648\u0631\u062f\u0633\u062a\u0627\u0646\u064a\",\"url\":\"https:\\\/\\\/saknews.net\\\/ku\\\/\",\"logo\":{\"@type\":\"ImageObject\",\"inLanguage\":\"en-US\",\"@id\":\"https:\\\/\\\/saknews.net\\\/ku\\\/#\\\/schema\\\/logo\\\/image\\\/\",\"url\":\"https:\\\/\\\/i0.wp.com\\\/saknews.net\\\/ku\\\/wp-content\\\/uploads\\\/2024\\\/11\\\/cropped-logo-1.png?fit=512%2C512&ssl=1\",\"contentUrl\":\"https:\\\/\\\/i0.wp.com\\\/saknews.net\\\/ku\\\/wp-content\\\/uploads\\\/2024\\\/11\\\/cropped-logo-1.png?fit=512%2C512&ssl=1\",\"width\":512,\"height\":512,\"caption\":\"\u015eep\u00eala Azadiy\u00ea ya Kurdistan\u00ea - \u062a\u064a\u0627\u0631 \u0627\u0644\u062d\u0631\u064a\u0629 \u0627\u0644\u0643\u0648\u0631\u062f\u0633\u062a\u0627\u0646\u064a\"},\"image\":{\"@id\":\"https:\\\/\\\/saknews.net\\\/ku\\\/#\\\/schema\\\/logo\\\/image\\\/\"},\"sameAs\":[\"https:\\\/\\\/www.facebook.com\\\/Shepel.ewropa\"]},{\"@type\":\"Person\",\"@id\":\"https:\\\/\\\/saknews.net\\\/ku\\\/#\\\/schema\\\/person\\\/72ae32a4041a3817e015b63d8f409058\",\"name\":\"Horan Hem\",\"url\":\"https:\\\/\\\/saknews.net\\\/ku\\\/?author=8\"}]}<\/script>\n<!-- \/ Yoast SEO plugin. -->","yoast_head_json":{"title":"Bi nav\u00ea \u015fep\u00eala Azad\u00ee ya Kurdistan\u00ee daxuyaniyek lezg\u00een a \u015fermezarkirin\u00ea hat we\u015fandin &#8226; \u015eAK","robots":{"index":"index","follow":"follow","max-snippet":"max-snippet:-1","max-image-preview":"max-image-preview:large","max-video-preview":"max-video-preview:-1"},"canonical":"https:\/\/saknews.net\/ku\/?p=2745","og_locale":"en_US","og_type":"article","og_title":"Bi nav\u00ea \u015fep\u00eala Azad\u00ee ya Kurdistan\u00ee daxuyaniyek lezg\u00een a \u015fermezarkirin\u00ea hat we\u015fandin &#8226; \u015eAK","og_description":"\u015fep\u00eala Azad\u00ee ya Kurdistan\u00ee bi fikar \u00fb h\u00earseke mezin \u00ear\u00ee\u015f\u00ean berdewam \u00ean li ser tax\u00ean...","og_url":"https:\/\/saknews.net\/ku\/?p=2745","og_site_name":"\u015eAK","article_publisher":"https:\/\/www.facebook.com\/Shepel.ewropa","article_published_time":"2026-01-06T22:43:19+00:00","og_image":[{"width":2560,"height":1440,"url":"https:\/\/saknews.net\/ku\/wp-content\/uploads\/2025\/10\/264256Artboard-6-copy-scaled.png","type":"image\/png"}],"author":"Horan Hem","twitter_card":"summary_large_image","twitter_misc":{"Written by":"Horan Hem","Est. reading time":"2 minutes"},"schema":{"@context":"https:\/\/schema.org","@graph":[{"@type":"Article","@id":"https:\/\/saknews.net\/ku\/?p=2745#article","isPartOf":{"@id":"https:\/\/saknews.net\/ku\/?p=2745"},"author":{"name":"Horan Hem","@id":"https:\/\/saknews.net\/ku\/#\/schema\/person\/72ae32a4041a3817e015b63d8f409058"},"headline":"Bi nav\u00ea \u015fep\u00eala Azad\u00ee ya Kurdistan\u00ee daxuyaniyek lezg\u00een a \u015fermezarkirin\u00ea hat we\u015fandin","datePublished":"2026-01-06T22:43:19+00:00","mainEntityOfPage":{"@id":"https:\/\/saknews.net\/ku\/?p=2745"},"wordCount":503,"publisher":{"@id":"https:\/\/saknews.net\/ku\/#organization"},"image":{"@id":"https:\/\/saknews.net\/ku\/?p=2745#primaryimage"},"thumbnailUrl":"https:\/\/i0.wp.com\/saknews.net\/ku\/wp-content\/uploads\/2025\/10\/264256Artboard-6-copy-scaled.png?fit=2560%2C1440&ssl=1","articleSection":["Daxuyan\u00ee"],"inLanguage":"en-US"},{"@type":"WebPage","@id":"https:\/\/saknews.net\/ku\/?p=2745","url":"https:\/\/saknews.net\/ku\/?p=2745","name":"Bi nav\u00ea \u015fep\u00eala Azad\u00ee ya Kurdistan\u00ee daxuyaniyek lezg\u00een a \u015fermezarkirin\u00ea hat we\u015fandin &#8226; \u015eAK","isPartOf":{"@id":"https:\/\/saknews.net\/ku\/#website"},"primaryImageOfPage":{"@id":"https:\/\/saknews.net\/ku\/?p=2745#primaryimage"},"image":{"@id":"https:\/\/saknews.net\/ku\/?p=2745#primaryimage"},"thumbnailUrl":"https:\/\/i0.wp.com\/saknews.net\/ku\/wp-content\/uploads\/2025\/10\/264256Artboard-6-copy-scaled.png?fit=2560%2C1440&ssl=1","datePublished":"2026-01-06T22:43:19+00:00","breadcrumb":{"@id":"https:\/\/saknews.net\/ku\/?p=2745#breadcrumb"},"inLanguage":"en-US","potentialAction":[{"@type":"ReadAction","target":["https:\/\/saknews.net\/ku\/?p=2745"]}]},{"@type":"ImageObject","inLanguage":"en-US","@id":"https:\/\/saknews.net\/ku\/?p=2745#primaryimage","url":"https:\/\/i0.wp.com\/saknews.net\/ku\/wp-content\/uploads\/2025\/10\/264256Artboard-6-copy-scaled.png?fit=2560%2C1440&ssl=1","contentUrl":"https:\/\/i0.wp.com\/saknews.net\/ku\/wp-content\/uploads\/2025\/10\/264256Artboard-6-copy-scaled.png?fit=2560%2C1440&ssl=1","width":2560,"height":1440},{"@type":"BreadcrumbList","@id":"https:\/\/saknews.net\/ku\/?p=2745#breadcrumb","itemListElement":[{"@type":"ListItem","position":1,"name":"\u0627\u0644\u0631\u0626\u064a\u0633\u064a\u0629","item":"https:\/\/saknews.net\/ku\/"},{"@type":"ListItem","position":2,"name":"N\u00fb\u00e7e","item":"https:\/\/saknews.net\/ku\/?cat=49"},{"@type":"ListItem","position":3,"name":"Daxuyan\u00ee","item":"https:\/\/saknews.net\/ku\/?cat=34"},{"@type":"ListItem","position":4,"name":"Bi nav\u00ea \u015fep\u00eala Azad\u00ee ya Kurdistan\u00ee daxuyaniyek lezg\u00een a \u015fermezarkirin\u00ea hat we\u015fandin"}]},{"@type":"WebSite","@id":"https:\/\/saknews.net\/ku\/#website","url":"https:\/\/saknews.net\/ku\/","name":"S\u0327epe\u0302la Azadi\u0302 ya Kurdistani\u0302","description":"\u062a\u064a\u0627\u0631 \u0627\u0644\u062d\u0631\u064a\u0629 \u0627\u0644\u0643\u0648\u0631\u062f\u0633\u062a\u0627\u0646\u064a \u015eep\u00eala Azad\u00ee ya Kurdistan\u00ee","publisher":{"@id":"https:\/\/saknews.net\/ku\/#organization"},"potentialAction":[{"@type":"SearchAction","target":{"@type":"EntryPoint","urlTemplate":"https:\/\/saknews.net\/ku\/?s={search_term_string}"},"query-input":{"@type":"PropertyValueSpecification","valueRequired":true,"valueName":"search_term_string"}}],"inLanguage":"en-US"},{"@type":"Organization","@id":"https:\/\/saknews.net\/ku\/#organization","name":"\u015eep\u00eala Azadiy\u00ea ya Kurdistan\u00ea - \u062a\u064a\u0627\u0631 \u0627\u0644\u062d\u0631\u064a\u0629 \u0627\u0644\u0643\u0648\u0631\u062f\u0633\u062a\u0627\u0646\u064a","url":"https:\/\/saknews.net\/ku\/","logo":{"@type":"ImageObject","inLanguage":"en-US","@id":"https:\/\/saknews.net\/ku\/#\/schema\/logo\/image\/","url":"https:\/\/i0.wp.com\/saknews.net\/ku\/wp-content\/uploads\/2024\/11\/cropped-logo-1.png?fit=512%2C512&ssl=1","contentUrl":"https:\/\/i0.wp.com\/saknews.net\/ku\/wp-content\/uploads\/2024\/11\/cropped-logo-1.png?fit=512%2C512&ssl=1","width":512,"height":512,"caption":"\u015eep\u00eala Azadiy\u00ea ya Kurdistan\u00ea - \u062a\u064a\u0627\u0631 \u0627\u0644\u062d\u0631\u064a\u0629 \u0627\u0644\u0643\u0648\u0631\u062f\u0633\u062a\u0627\u0646\u064a"},"image":{"@id":"https:\/\/saknews.net\/ku\/#\/schema\/logo\/image\/"},"sameAs":["https:\/\/www.facebook.com\/Shepel.ewropa"]},{"@type":"Person","@id":"https:\/\/saknews.net\/ku\/#\/schema\/person\/72ae32a4041a3817e015b63d8f409058","name":"Horan Hem","url":"https:\/\/saknews.net\/ku\/?author=8"}]}},"featured_image_urls":{"full":["https:\/\/i0.wp.com\/saknews.net\/ku\/wp-content\/uploads\/2025\/10\/264256Artboard-6-copy-scaled.png?fit=2560%2C1440&ssl=1",2560,1440,false],"thumbnail":["https:\/\/i0.wp.com\/saknews.net\/ku\/wp-content\/uploads\/2025\/10\/264256Artboard-6-copy-scaled.png?resize=150%2C150&ssl=1",150,150,true],"medium":["https:\/\/i0.wp.com\/saknews.net\/ku\/wp-content\/uploads\/2025\/10\/264256Artboard-6-copy-scaled.png?fit=300%2C169&ssl=1",300,169,true],"medium_large":["https:\/\/i0.wp.com\/saknews.net\/ku\/wp-content\/uploads\/2025\/10\/264256Artboard-6-copy-scaled.png?fit=640%2C360&ssl=1",640,360,true],"large":["https:\/\/i0.wp.com\/saknews.net\/ku\/wp-content\/uploads\/2025\/10\/264256Artboard-6-copy-scaled.png?fit=640%2C360&ssl=1",640,360,true],"1536x1536":["https:\/\/i0.wp.com\/saknews.net\/ku\/wp-content\/uploads\/2025\/10\/264256Artboard-6-copy-scaled.png?fit=1536%2C864&ssl=1",1536,864,true],"2048x2048":["https:\/\/i0.wp.com\/saknews.net\/ku\/wp-content\/uploads\/2025\/10\/264256Artboard-6-copy-scaled.png?fit=2048%2C1152&ssl=1",2048,1152,true],"covernews-featured":["https:\/\/i0.wp.com\/saknews.net\/ku\/wp-content\/uploads\/2025\/10\/264256Artboard-6-copy-scaled.png?fit=1024%2C576&ssl=1",1024,576,true],"covernews-medium":["https:\/\/i0.wp.com\/saknews.net\/ku\/wp-content\/uploads\/2025\/10\/264256Artboard-6-copy-scaled.png?resize=540%2C340&ssl=1",540,340,true]},"author_info":{"display_name":"Horan Hem","author_link":"https:\/\/saknews.net\/ku\/?author=8"},"category_info":"<a href=\"https:\/\/saknews.net\/ku\/?cat=34\" rel=\"category\">Daxuyan\u00ee<\/a>","tag_info":"Daxuyan\u00ee","comment_count":"0","_links":{"self":[{"href":"https:\/\/saknews.net\/ku\/index.php?rest_route=\/wp\/v2\/posts\/2745","targetHints":{"allow":["GET"]}}],"collection":[{"href":"https:\/\/saknews.net\/ku\/index.php?rest_route=\/wp\/v2\/posts"}],"about":[{"href":"https:\/\/saknews.net\/ku\/index.php?rest_route=\/wp\/v2\/types\/post"}],"author":[{"embeddable":true,"href":"https:\/\/saknews.net\/ku\/index.php?rest_route=\/wp\/v2\/users\/8"}],"replies":[{"embeddable":true,"href":"https:\/\/saknews.net\/ku\/index.php?rest_route=%2Fwp%2Fv2%2Fcomments&post=2745"}],"version-history":[{"count":1,"href":"https:\/\/saknews.net\/ku\/index.php?rest_route=\/wp\/v2\/posts\/2745\/revisions"}],"predecessor-version":[{"id":2746,"href":"https:\/\/saknews.net\/ku\/index.php?rest_route=\/wp\/v2\/posts\/2745\/revisions\/2746"}],"wp:featuredmedia":[{"embeddable":true,"href":"https:\/\/saknews.net\/ku\/index.php?rest_route=\/wp\/v2\/media\/2676"}],"wp:attachment":[{"href":"https:\/\/saknews.net\/ku\/index.php?rest_route=%2Fwp%2Fv2%2Fmedia&parent=2745"}],"wp:term":[{"taxonomy":"category","embeddable":true,"href":"https:\/\/saknews.net\/ku\/index.php?rest_route=%2Fwp%2Fv2%2Fcategories&post=2745"},{"taxonomy":"post_tag","embeddable":true,"href":"https:\/\/saknews.net\/ku\/index.php?rest_route=%2Fwp%2Fv2%2Ftags&post=2745"}],"curies":[{"name":"wp","href":"https:\/\/api.w.org\/{rel}","templated":true}]}}