{"id":2747,"date":"2026-03-16T13:18:28","date_gmt":"2026-03-16T13:18:28","guid":{"rendered":"https:\/\/saknews.net\/ku\/?p=2747"},"modified":"2026-03-16T13:18:28","modified_gmt":"2026-03-16T13:18:28","slug":"daxuyaniya-sepela-azadiyi-ya-kurdistani-di-salvegera-komkujiya-helebceye-de","status":"publish","type":"post","link":"https:\/\/saknews.net\/ku\/?p=2747","title":{"rendered":"Daxuyaniya \u015fep\u00eala Azadiy\u00ee ya Kurdistan\u00ee  Di salvegera komkujiya Heleb\u00e7ey\u00ea de"},"content":{"rendered":"<p>Em salvegera traj\u00eek a komkujiya Heleb\u00e7ey\u00ea bi b\u00eer t\u00eenin, s\u00fbcek ku d\u00ea her \u00fb her wek\u00ee lekeyek li ser wijdan\u00ea mirovahiy\u00ea bim\u00eene \u00fb \u015fahidiyek e\u015fkere ya mezinb\u00fbna trajediya ku di tevahiya d\u00eeroka gel\u00ea Kurd de hatiye ser\u00ea wan e. Di v\u00ea roj\u00ea de di sala 1988an de, di dema kampanyaya Enfal\u00ea ya navdar de, rej\u00eema Baas a Iraq\u00ea, bi serokatiya s\u00fbcdar Sedam Husey\u00een, yek ji s\u00fbc\u00ean her\u00ee hovane y\u00ean d\u00eeroka n\u00fbjen kir dema ku bajar\u00ea Heleb\u00e7ey\u00ea bi \u00e7ek\u00ean k\u00eemyew\u00ee y\u00ean qedexekir\u00ee y\u00ean navnetewey\u00ee bombebaran kir.<\/p>\n<p>&nbsp;<\/p>\n<p>Gaz\u00ean kujer \u00ean wek\u00ee sar\u00een, gaza xerdel\u00ea \u00fb ajan\u00ean din \u00ean demar\u00ee di v\u00ea s\u00fbc de hatin bikar an\u00een, ku di nav \u00e7end demjim\u00earan de bi qas\u00ee p\u00eanc hezar siv\u00eel\u00ean b\u00ea\u00e7ek \u015feh\u00eed b\u00fbn, ku piraniya wan jin, zarok \u00fb kal \u00fb p\u00eer b\u00fbn. Bi hezaran kes\u00ean din j\u00ee bir\u00een\u00ean giran \u00fb nexwe\u015fiy\u00ean kron\u00eek ki\u015fandin ku bandor\u00ean wan \u00ean w\u00earanker heta roja \u00eero j\u00ee berdewam dikin.<\/p>\n<p>&nbsp;<\/p>\n<p>Komkujiya Heleb\u00e7ey\u00ea ne b\u00fbyerek ten\u00ea b\u00fb, l\u00ea bel\u00ea be\u015fek ji kampanyaya Enfal\u00ea b\u00fb, ku heb\u00fbna Kurdan li ba\u015f\u00fbr\u00ea Kurdistan\u00ea hedef girt \u00fb b\u00fb sedema \u015feh\u00eedb\u00fbna n\u00eaz\u00eek\u00ee 182,000 Kurdan, ji bil\u00ee w\u00earankirina bi hezaran gundan \u00fb ko\u00e7berb\u00fbna bi sed hezaran ji gel\u00ea me.<\/p>\n<p>&nbsp;<\/p>\n<p>Em di \u015fep\u00eala Azad\u00ee ya Kurdistan\u00ee de, dema ku em v\u00ea trajediya mezin a mirov\u00ee bi b\u00eer t\u00eenin, van ti\u015ftan pi\u015ftrast dikin:<\/p>\n<p>&nbsp;<\/p>\n<p>Ya yekem: Komkujiya Heleb\u00e7ey\u00ea \u00fb hem\u00ee tawan\u00ean Enfal\u00ea jenos\u00eedek bi tevah\u00ee p\u00eak t\u00eenin, \u00fb div\u00ea di b\u00eera netewey\u00ee \u00fb mirov\u00ee de bim\u00eenin da ku tawan\u00ean weha qet li dij\u00ee ti gel\u00ee dubare nebin.<\/p>\n<p>&nbsp;<\/p>\n<p>Ya duyem: Em bang li civaka navnetewey\u00ee \u00fb r\u00eaxistin\u00ean maf\u00ean mirovan \u00fb mirov\u00ee dikin ku bi naskirina van tawanan bi tevah\u00ee, xebata ji bo belgekirina wan, \u00fb hesabpirs\u00eena berpirsiyaran, hem ji h\u00eala d\u00eerok\u00ee \u00fb hem j\u00ee ji h\u00eala qan\u00fbn\u00ee ve, berpirsiyariy\u00ean xwe y\u00ean exlaq\u00ee \u00fb qan\u00fbn\u00ee bigirin ser xwe.<\/p>\n<p>&nbsp;<\/p>\n<p>Ya s\u00eayem: Xw\u00eena \u015feh\u00eed\u00ean Heleb\u00e7e \u00fb Enfal\u00ea be\u015fek yekgirt\u00ee ya t\u00eako\u015f\u00eena gel\u00ea Kurd ji bo azad\u00ee, r\u00fbmet \u00fb maf\u00ean rewa ye. Ew emanetek e ku li ser mil\u00ean nif\u015f\u00ean p\u00ea\u015feroj\u00ea y\u00ean Kurd e ku nasname \u00fb heb\u00fbna xwe bipar\u00eazin \u00fb maf\u00ean xwe y\u00ean netewey\u00ee y\u00ean rewa bipar\u00eazin. \u00c7arem\u00een: B\u00eeran\u00eena v\u00ea komkujiy\u00ea ne ten\u00ea b\u00eeran\u00eena rabird\u00fby\u00ea ye, l\u00ea bel\u00ea pi\u015ftrastkirina yek\u00eet\u00eeya Kurdan \u00fb p\u00eaw\u00eestiya \u00e7alakiy\u00ean hevbe\u015f ji bo p\u00ea\u015f\u00eegirtina li dubareb\u00fbna trajediy\u00ean ku gel\u00ea me ki\u015fandiye ye.<\/p>\n<p>&nbsp;<\/p>\n<p>Di encam\u00ea de, em r\u00eaz li giyan\u00ea \u015feh\u00eed\u00ean Heleb\u00e7e \u00fb Enfal\u00ea digirin, \u00fb em pi\u015ftrast dikin ku xw\u00eena wan qet nay\u00ea jib\u00eerkirin, \u00fb edaleta d\u00eerok\u00ee d\u00ea heta ku p\u00eak were daxwazek rewa bim\u00eene.<\/p>\n<p>&nbsp;<\/p>\n<p>R\u00fbmet \u00fb b\u00eadaw\u00ee ji \u015feh\u00eed\u00ean Heleb\u00e7e \u00fb Enfal\u00ea re<\/p>\n<p>Azad\u00ee \u00fb r\u00fbmet ji gel\u00ea Kurdistan\u00ea re<\/p>\n<p>\u015fep\u00eala Azad\u00ee ya Kurdistan\u00ee<\/p>\n<p>&nbsp;<\/p>\n<p>16\u00ea Adar\u00ea<\/p>\n<p>Salvegera Komkujiya Heleb\u00e7ey\u00ea<\/p>\n","protected":false},"excerpt":{"rendered":"<p>Em salvegera traj\u00eek a komkujiya Heleb\u00e7ey\u00ea bi b\u00eer t\u00eenin, s\u00fbcek ku d\u00ea her \u00fb her&#8230;<\/p>\n","protected":false},"author":8,"featured_media":2748,"comment_status":"closed","ping_status":"closed","sticky":false,"template":"","format":"standard","meta":{"footnotes":""},"categories":[34],"tags":[],"class_list":["post-2747","post","type-post","status-publish","format-standard","has-post-thumbnail","hentry","category-daxuyani"],"yoast_head":"<!-- This site is optimized with the Yoast SEO plugin v27.5 - https:\/\/yoast.com\/product\/yoast-seo-wordpress\/ -->\n<title>Daxuyaniya \u015fep\u00eala Azadiy\u00ee ya Kurdistan\u00ee Di salvegera komkujiya Heleb\u00e7ey\u00ea de &#8226; \u015eAK<\/title>\n<meta name=\"robots\" content=\"index, follow, max-snippet:-1, max-image-preview:large, max-video-preview:-1\" \/>\n<link rel=\"canonical\" href=\"https:\/\/saknews.net\/ku\/?p=2747\" \/>\n<meta property=\"og:locale\" content=\"en_US\" \/>\n<meta property=\"og:type\" content=\"article\" \/>\n<meta property=\"og:title\" content=\"Daxuyaniya \u015fep\u00eala Azadiy\u00ee ya Kurdistan\u00ee Di salvegera komkujiya Heleb\u00e7ey\u00ea de &#8226; \u015eAK\" \/>\n<meta property=\"og:description\" content=\"Em salvegera traj\u00eek a komkujiya Heleb\u00e7ey\u00ea bi b\u00eer t\u00eenin, s\u00fbcek ku d\u00ea her \u00fb her...\" \/>\n<meta property=\"og:url\" content=\"https:\/\/saknews.net\/ku\/?p=2747\" \/>\n<meta property=\"og:site_name\" content=\"\u015eAK\" \/>\n<meta property=\"article:publisher\" content=\"https:\/\/www.facebook.com\/Shepel.ewropa\" \/>\n<meta property=\"article:published_time\" content=\"2026-03-16T13:18:28+00:00\" \/>\n<meta property=\"og:image\" content=\"https:\/\/saknews.net\/ku\/wp-content\/uploads\/2026\/03\/IMG-20260316-WA0049.jpg\" \/>\n\t<meta property=\"og:image:width\" content=\"1239\" \/>\n\t<meta property=\"og:image:height\" content=\"1280\" \/>\n\t<meta property=\"og:image:type\" content=\"image\/jpeg\" \/>\n<meta name=\"author\" content=\"Horan Hem\" \/>\n<meta name=\"twitter:card\" content=\"summary_large_image\" \/>\n<meta name=\"twitter:label1\" content=\"Written by\" \/>\n\t<meta name=\"twitter:data1\" content=\"Horan Hem\" \/>\n\t<meta name=\"twitter:label2\" content=\"Est. reading time\" \/>\n\t<meta name=\"twitter:data2\" content=\"3 minutes\" \/>\n<script type=\"application\/ld+json\" class=\"yoast-schema-graph\">{\"@context\":\"https:\\\/\\\/schema.org\",\"@graph\":[{\"@type\":\"Article\",\"@id\":\"https:\\\/\\\/saknews.net\\\/ku\\\/?p=2747#article\",\"isPartOf\":{\"@id\":\"https:\\\/\\\/saknews.net\\\/ku\\\/?p=2747\"},\"author\":{\"name\":\"Horan Hem\",\"@id\":\"https:\\\/\\\/saknews.net\\\/ku\\\/#\\\/schema\\\/person\\\/72ae32a4041a3817e015b63d8f409058\"},\"headline\":\"Daxuyaniya \u015fep\u00eala Azadiy\u00ee ya Kurdistan\u00ee Di salvegera komkujiya Heleb\u00e7ey\u00ea de\",\"datePublished\":\"2026-03-16T13:18:28+00:00\",\"mainEntityOfPage\":{\"@id\":\"https:\\\/\\\/saknews.net\\\/ku\\\/?p=2747\"},\"wordCount\":557,\"publisher\":{\"@id\":\"https:\\\/\\\/saknews.net\\\/ku\\\/#organization\"},\"image\":{\"@id\":\"https:\\\/\\\/saknews.net\\\/ku\\\/?p=2747#primaryimage\"},\"thumbnailUrl\":\"https:\\\/\\\/i0.wp.com\\\/saknews.net\\\/ku\\\/wp-content\\\/uploads\\\/2026\\\/03\\\/IMG-20260316-WA0049.jpg?fit=1239%2C1280&ssl=1\",\"articleSection\":[\"Daxuyan\u00ee\"],\"inLanguage\":\"en-US\"},{\"@type\":\"WebPage\",\"@id\":\"https:\\\/\\\/saknews.net\\\/ku\\\/?p=2747\",\"url\":\"https:\\\/\\\/saknews.net\\\/ku\\\/?p=2747\",\"name\":\"Daxuyaniya \u015fep\u00eala Azadiy\u00ee ya Kurdistan\u00ee Di salvegera komkujiya Heleb\u00e7ey\u00ea de &#8226; \u015eAK\",\"isPartOf\":{\"@id\":\"https:\\\/\\\/saknews.net\\\/ku\\\/#website\"},\"primaryImageOfPage\":{\"@id\":\"https:\\\/\\\/saknews.net\\\/ku\\\/?p=2747#primaryimage\"},\"image\":{\"@id\":\"https:\\\/\\\/saknews.net\\\/ku\\\/?p=2747#primaryimage\"},\"thumbnailUrl\":\"https:\\\/\\\/i0.wp.com\\\/saknews.net\\\/ku\\\/wp-content\\\/uploads\\\/2026\\\/03\\\/IMG-20260316-WA0049.jpg?fit=1239%2C1280&ssl=1\",\"datePublished\":\"2026-03-16T13:18:28+00:00\",\"breadcrumb\":{\"@id\":\"https:\\\/\\\/saknews.net\\\/ku\\\/?p=2747#breadcrumb\"},\"inLanguage\":\"en-US\",\"potentialAction\":[{\"@type\":\"ReadAction\",\"target\":[\"https:\\\/\\\/saknews.net\\\/ku\\\/?p=2747\"]}]},{\"@type\":\"ImageObject\",\"inLanguage\":\"en-US\",\"@id\":\"https:\\\/\\\/saknews.net\\\/ku\\\/?p=2747#primaryimage\",\"url\":\"https:\\\/\\\/i0.wp.com\\\/saknews.net\\\/ku\\\/wp-content\\\/uploads\\\/2026\\\/03\\\/IMG-20260316-WA0049.jpg?fit=1239%2C1280&ssl=1\",\"contentUrl\":\"https:\\\/\\\/i0.wp.com\\\/saknews.net\\\/ku\\\/wp-content\\\/uploads\\\/2026\\\/03\\\/IMG-20260316-WA0049.jpg?fit=1239%2C1280&ssl=1\",\"width\":1239,\"height\":1280},{\"@type\":\"BreadcrumbList\",\"@id\":\"https:\\\/\\\/saknews.net\\\/ku\\\/?p=2747#breadcrumb\",\"itemListElement\":[{\"@type\":\"ListItem\",\"position\":1,\"name\":\"\u0627\u0644\u0631\u0626\u064a\u0633\u064a\u0629\",\"item\":\"https:\\\/\\\/saknews.net\\\/ku\\\/\"},{\"@type\":\"ListItem\",\"position\":2,\"name\":\"N\u00fb\u00e7e\",\"item\":\"https:\\\/\\\/saknews.net\\\/ku\\\/?cat=49\"},{\"@type\":\"ListItem\",\"position\":3,\"name\":\"Daxuyan\u00ee\",\"item\":\"https:\\\/\\\/saknews.net\\\/ku\\\/?cat=34\"},{\"@type\":\"ListItem\",\"position\":4,\"name\":\"Daxuyaniya \u015fep\u00eala Azadiy\u00ee ya Kurdistan\u00ee Di salvegera komkujiya Heleb\u00e7ey\u00ea de\"}]},{\"@type\":\"WebSite\",\"@id\":\"https:\\\/\\\/saknews.net\\\/ku\\\/#website\",\"url\":\"https:\\\/\\\/saknews.net\\\/ku\\\/\",\"name\":\"S\u0327epe\u0302la Azadi\u0302 ya Kurdistani\u0302\",\"description\":\"\u062a\u064a\u0627\u0631 \u0627\u0644\u062d\u0631\u064a\u0629 \u0627\u0644\u0643\u0648\u0631\u062f\u0633\u062a\u0627\u0646\u064a \u015eep\u00eala Azad\u00ee ya Kurdistan\u00ee\",\"publisher\":{\"@id\":\"https:\\\/\\\/saknews.net\\\/ku\\\/#organization\"},\"potentialAction\":[{\"@type\":\"SearchAction\",\"target\":{\"@type\":\"EntryPoint\",\"urlTemplate\":\"https:\\\/\\\/saknews.net\\\/ku\\\/?s={search_term_string}\"},\"query-input\":{\"@type\":\"PropertyValueSpecification\",\"valueRequired\":true,\"valueName\":\"search_term_string\"}}],\"inLanguage\":\"en-US\"},{\"@type\":\"Organization\",\"@id\":\"https:\\\/\\\/saknews.net\\\/ku\\\/#organization\",\"name\":\"\u015eep\u00eala Azadiy\u00ea ya Kurdistan\u00ea - \u062a\u064a\u0627\u0631 \u0627\u0644\u062d\u0631\u064a\u0629 \u0627\u0644\u0643\u0648\u0631\u062f\u0633\u062a\u0627\u0646\u064a\",\"url\":\"https:\\\/\\\/saknews.net\\\/ku\\\/\",\"logo\":{\"@type\":\"ImageObject\",\"inLanguage\":\"en-US\",\"@id\":\"https:\\\/\\\/saknews.net\\\/ku\\\/#\\\/schema\\\/logo\\\/image\\\/\",\"url\":\"https:\\\/\\\/i0.wp.com\\\/saknews.net\\\/ku\\\/wp-content\\\/uploads\\\/2024\\\/11\\\/cropped-logo-1.png?fit=512%2C512&ssl=1\",\"contentUrl\":\"https:\\\/\\\/i0.wp.com\\\/saknews.net\\\/ku\\\/wp-content\\\/uploads\\\/2024\\\/11\\\/cropped-logo-1.png?fit=512%2C512&ssl=1\",\"width\":512,\"height\":512,\"caption\":\"\u015eep\u00eala Azadiy\u00ea ya Kurdistan\u00ea - \u062a\u064a\u0627\u0631 \u0627\u0644\u062d\u0631\u064a\u0629 \u0627\u0644\u0643\u0648\u0631\u062f\u0633\u062a\u0627\u0646\u064a\"},\"image\":{\"@id\":\"https:\\\/\\\/saknews.net\\\/ku\\\/#\\\/schema\\\/logo\\\/image\\\/\"},\"sameAs\":[\"https:\\\/\\\/www.facebook.com\\\/Shepel.ewropa\"]},{\"@type\":\"Person\",\"@id\":\"https:\\\/\\\/saknews.net\\\/ku\\\/#\\\/schema\\\/person\\\/72ae32a4041a3817e015b63d8f409058\",\"name\":\"Horan Hem\",\"url\":\"https:\\\/\\\/saknews.net\\\/ku\\\/?author=8\"}]}<\/script>\n<!-- \/ Yoast SEO plugin. -->","yoast_head_json":{"title":"Daxuyaniya \u015fep\u00eala Azadiy\u00ee ya Kurdistan\u00ee Di salvegera komkujiya Heleb\u00e7ey\u00ea de &#8226; \u015eAK","robots":{"index":"index","follow":"follow","max-snippet":"max-snippet:-1","max-image-preview":"max-image-preview:large","max-video-preview":"max-video-preview:-1"},"canonical":"https:\/\/saknews.net\/ku\/?p=2747","og_locale":"en_US","og_type":"article","og_title":"Daxuyaniya \u015fep\u00eala Azadiy\u00ee ya Kurdistan\u00ee Di salvegera komkujiya Heleb\u00e7ey\u00ea de &#8226; \u015eAK","og_description":"Em salvegera traj\u00eek a komkujiya Heleb\u00e7ey\u00ea bi b\u00eer t\u00eenin, s\u00fbcek ku d\u00ea her \u00fb her...","og_url":"https:\/\/saknews.net\/ku\/?p=2747","og_site_name":"\u015eAK","article_publisher":"https:\/\/www.facebook.com\/Shepel.ewropa","article_published_time":"2026-03-16T13:18:28+00:00","og_image":[{"width":1239,"height":1280,"url":"https:\/\/saknews.net\/ku\/wp-content\/uploads\/2026\/03\/IMG-20260316-WA0049.jpg","type":"image\/jpeg"}],"author":"Horan Hem","twitter_card":"summary_large_image","twitter_misc":{"Written by":"Horan Hem","Est. reading time":"3 minutes"},"schema":{"@context":"https:\/\/schema.org","@graph":[{"@type":"Article","@id":"https:\/\/saknews.net\/ku\/?p=2747#article","isPartOf":{"@id":"https:\/\/saknews.net\/ku\/?p=2747"},"author":{"name":"Horan Hem","@id":"https:\/\/saknews.net\/ku\/#\/schema\/person\/72ae32a4041a3817e015b63d8f409058"},"headline":"Daxuyaniya \u015fep\u00eala Azadiy\u00ee ya Kurdistan\u00ee Di salvegera komkujiya Heleb\u00e7ey\u00ea de","datePublished":"2026-03-16T13:18:28+00:00","mainEntityOfPage":{"@id":"https:\/\/saknews.net\/ku\/?p=2747"},"wordCount":557,"publisher":{"@id":"https:\/\/saknews.net\/ku\/#organization"},"image":{"@id":"https:\/\/saknews.net\/ku\/?p=2747#primaryimage"},"thumbnailUrl":"https:\/\/i0.wp.com\/saknews.net\/ku\/wp-content\/uploads\/2026\/03\/IMG-20260316-WA0049.jpg?fit=1239%2C1280&ssl=1","articleSection":["Daxuyan\u00ee"],"inLanguage":"en-US"},{"@type":"WebPage","@id":"https:\/\/saknews.net\/ku\/?p=2747","url":"https:\/\/saknews.net\/ku\/?p=2747","name":"Daxuyaniya \u015fep\u00eala Azadiy\u00ee ya Kurdistan\u00ee Di salvegera komkujiya Heleb\u00e7ey\u00ea de &#8226; \u015eAK","isPartOf":{"@id":"https:\/\/saknews.net\/ku\/#website"},"primaryImageOfPage":{"@id":"https:\/\/saknews.net\/ku\/?p=2747#primaryimage"},"image":{"@id":"https:\/\/saknews.net\/ku\/?p=2747#primaryimage"},"thumbnailUrl":"https:\/\/i0.wp.com\/saknews.net\/ku\/wp-content\/uploads\/2026\/03\/IMG-20260316-WA0049.jpg?fit=1239%2C1280&ssl=1","datePublished":"2026-03-16T13:18:28+00:00","breadcrumb":{"@id":"https:\/\/saknews.net\/ku\/?p=2747#breadcrumb"},"inLanguage":"en-US","potentialAction":[{"@type":"ReadAction","target":["https:\/\/saknews.net\/ku\/?p=2747"]}]},{"@type":"ImageObject","inLanguage":"en-US","@id":"https:\/\/saknews.net\/ku\/?p=2747#primaryimage","url":"https:\/\/i0.wp.com\/saknews.net\/ku\/wp-content\/uploads\/2026\/03\/IMG-20260316-WA0049.jpg?fit=1239%2C1280&ssl=1","contentUrl":"https:\/\/i0.wp.com\/saknews.net\/ku\/wp-content\/uploads\/2026\/03\/IMG-20260316-WA0049.jpg?fit=1239%2C1280&ssl=1","width":1239,"height":1280},{"@type":"BreadcrumbList","@id":"https:\/\/saknews.net\/ku\/?p=2747#breadcrumb","itemListElement":[{"@type":"ListItem","position":1,"name":"\u0627\u0644\u0631\u0626\u064a\u0633\u064a\u0629","item":"https:\/\/saknews.net\/ku\/"},{"@type":"ListItem","position":2,"name":"N\u00fb\u00e7e","item":"https:\/\/saknews.net\/ku\/?cat=49"},{"@type":"ListItem","position":3,"name":"Daxuyan\u00ee","item":"https:\/\/saknews.net\/ku\/?cat=34"},{"@type":"ListItem","position":4,"name":"Daxuyaniya \u015fep\u00eala Azadiy\u00ee ya Kurdistan\u00ee Di salvegera komkujiya Heleb\u00e7ey\u00ea de"}]},{"@type":"WebSite","@id":"https:\/\/saknews.net\/ku\/#website","url":"https:\/\/saknews.net\/ku\/","name":"S\u0327epe\u0302la Azadi\u0302 ya Kurdistani\u0302","description":"\u062a\u064a\u0627\u0631 \u0627\u0644\u062d\u0631\u064a\u0629 \u0627\u0644\u0643\u0648\u0631\u062f\u0633\u062a\u0627\u0646\u064a \u015eep\u00eala Azad\u00ee ya Kurdistan\u00ee","publisher":{"@id":"https:\/\/saknews.net\/ku\/#organization"},"potentialAction":[{"@type":"SearchAction","target":{"@type":"EntryPoint","urlTemplate":"https:\/\/saknews.net\/ku\/?s={search_term_string}"},"query-input":{"@type":"PropertyValueSpecification","valueRequired":true,"valueName":"search_term_string"}}],"inLanguage":"en-US"},{"@type":"Organization","@id":"https:\/\/saknews.net\/ku\/#organization","name":"\u015eep\u00eala Azadiy\u00ea ya Kurdistan\u00ea - \u062a\u064a\u0627\u0631 \u0627\u0644\u062d\u0631\u064a\u0629 \u0627\u0644\u0643\u0648\u0631\u062f\u0633\u062a\u0627\u0646\u064a","url":"https:\/\/saknews.net\/ku\/","logo":{"@type":"ImageObject","inLanguage":"en-US","@id":"https:\/\/saknews.net\/ku\/#\/schema\/logo\/image\/","url":"https:\/\/i0.wp.com\/saknews.net\/ku\/wp-content\/uploads\/2024\/11\/cropped-logo-1.png?fit=512%2C512&ssl=1","contentUrl":"https:\/\/i0.wp.com\/saknews.net\/ku\/wp-content\/uploads\/2024\/11\/cropped-logo-1.png?fit=512%2C512&ssl=1","width":512,"height":512,"caption":"\u015eep\u00eala Azadiy\u00ea ya Kurdistan\u00ea - \u062a\u064a\u0627\u0631 \u0627\u0644\u062d\u0631\u064a\u0629 \u0627\u0644\u0643\u0648\u0631\u062f\u0633\u062a\u0627\u0646\u064a"},"image":{"@id":"https:\/\/saknews.net\/ku\/#\/schema\/logo\/image\/"},"sameAs":["https:\/\/www.facebook.com\/Shepel.ewropa"]},{"@type":"Person","@id":"https:\/\/saknews.net\/ku\/#\/schema\/person\/72ae32a4041a3817e015b63d8f409058","name":"Horan Hem","url":"https:\/\/saknews.net\/ku\/?author=8"}]}},"featured_image_urls":{"full":["https:\/\/i0.wp.com\/saknews.net\/ku\/wp-content\/uploads\/2026\/03\/IMG-20260316-WA0049.jpg?fit=1239%2C1280&ssl=1",1239,1280,false],"thumbnail":["https:\/\/i0.wp.com\/saknews.net\/ku\/wp-content\/uploads\/2026\/03\/IMG-20260316-WA0049.jpg?resize=150%2C150&ssl=1",150,150,true],"medium":["https:\/\/i0.wp.com\/saknews.net\/ku\/wp-content\/uploads\/2026\/03\/IMG-20260316-WA0049.jpg?fit=290%2C300&ssl=1",290,300,true],"medium_large":["https:\/\/i0.wp.com\/saknews.net\/ku\/wp-content\/uploads\/2026\/03\/IMG-20260316-WA0049.jpg?fit=640%2C661&ssl=1",640,661,true],"large":["https:\/\/i0.wp.com\/saknews.net\/ku\/wp-content\/uploads\/2026\/03\/IMG-20260316-WA0049.jpg?fit=640%2C661&ssl=1",640,661,true],"1536x1536":["https:\/\/i0.wp.com\/saknews.net\/ku\/wp-content\/uploads\/2026\/03\/IMG-20260316-WA0049.jpg?fit=1239%2C1280&ssl=1",1239,1280,true],"2048x2048":["https:\/\/i0.wp.com\/saknews.net\/ku\/wp-content\/uploads\/2026\/03\/IMG-20260316-WA0049.jpg?fit=1239%2C1280&ssl=1",1239,1280,true],"covernews-featured":["https:\/\/i0.wp.com\/saknews.net\/ku\/wp-content\/uploads\/2026\/03\/IMG-20260316-WA0049.jpg?fit=1024%2C1058&ssl=1",1024,1058,true],"covernews-medium":["https:\/\/i0.wp.com\/saknews.net\/ku\/wp-content\/uploads\/2026\/03\/IMG-20260316-WA0049.jpg?resize=540%2C340&ssl=1",540,340,true]},"author_info":{"display_name":"Horan Hem","author_link":"https:\/\/saknews.net\/ku\/?author=8"},"category_info":"<a href=\"https:\/\/saknews.net\/ku\/?cat=34\" rel=\"category\">Daxuyan\u00ee<\/a>","tag_info":"Daxuyan\u00ee","comment_count":"0","_links":{"self":[{"href":"https:\/\/saknews.net\/ku\/index.php?rest_route=\/wp\/v2\/posts\/2747","targetHints":{"allow":["GET"]}}],"collection":[{"href":"https:\/\/saknews.net\/ku\/index.php?rest_route=\/wp\/v2\/posts"}],"about":[{"href":"https:\/\/saknews.net\/ku\/index.php?rest_route=\/wp\/v2\/types\/post"}],"author":[{"embeddable":true,"href":"https:\/\/saknews.net\/ku\/index.php?rest_route=\/wp\/v2\/users\/8"}],"replies":[{"embeddable":true,"href":"https:\/\/saknews.net\/ku\/index.php?rest_route=%2Fwp%2Fv2%2Fcomments&post=2747"}],"version-history":[{"count":1,"href":"https:\/\/saknews.net\/ku\/index.php?rest_route=\/wp\/v2\/posts\/2747\/revisions"}],"predecessor-version":[{"id":2749,"href":"https:\/\/saknews.net\/ku\/index.php?rest_route=\/wp\/v2\/posts\/2747\/revisions\/2749"}],"wp:featuredmedia":[{"embeddable":true,"href":"https:\/\/saknews.net\/ku\/index.php?rest_route=\/wp\/v2\/media\/2748"}],"wp:attachment":[{"href":"https:\/\/saknews.net\/ku\/index.php?rest_route=%2Fwp%2Fv2%2Fmedia&parent=2747"}],"wp:term":[{"taxonomy":"category","embeddable":true,"href":"https:\/\/saknews.net\/ku\/index.php?rest_route=%2Fwp%2Fv2%2Fcategories&post=2747"},{"taxonomy":"post_tag","embeddable":true,"href":"https:\/\/saknews.net\/ku\/index.php?rest_route=%2Fwp%2Fv2%2Ftags&post=2747"}],"curies":[{"name":"wp","href":"https:\/\/api.w.org\/{rel}","templated":true}]}}