{"id":2750,"date":"2026-03-19T18:12:36","date_gmt":"2026-03-19T18:12:36","guid":{"rendered":"https:\/\/saknews.net\/ku\/?p=2750"},"modified":"2026-03-19T18:12:36","modified_gmt":"2026-03-19T18:12:36","slug":"peyama-cejna-newroze-ji-sepela-azadi-ya-kurdistani","status":"publish","type":"post","link":"https:\/\/saknews.net\/ku\/?p=2750","title":{"rendered":"Peyama Cejna Newroz\u00ea ji \u015fep\u00eala Azad\u00ee ya Kurdistan\u00ee"},"content":{"rendered":"<p>&nbsp;<\/p>\n<p>\u015fep\u00eala Azad\u00ee ya Kurdistan\u00ee p\u00eerozbahiy\u00ean xwe y\u00ean germ \u00fb silav\u00ean her\u00ee ba\u015f ji gel\u00ea me y\u00ea Kurd li S\u00fbriyey\u00ea \u00fb ji hem\u00fb gel\u00ean li her der\u00ea Kurdistan\u00ea re p\u00ea\u015fk\u00ea\u015f dike.<\/p>\n<p>&nbsp;<\/p>\n<p>Newruz ne ten\u00ea cejnek e; ew sembola azad\u00ee \u00fb ji n\u00fb ve vej\u00een\u00ea ye, n\u00fbjenkirineke domdar a h\u00eaviy\u00ea ye di dil\u00ea gelek\u00ee de ku t\u00eako\u015f\u00eena xwe ya ji bo parastina r\u00fbmet \u00fb maf\u00ean xwe y\u00ean rewa qet nesekiniye.<\/p>\n<p>&nbsp;<\/p>\n<p>Di v\u00ea boneya p\u00eeroz de, em dua dikin ku ewleh\u00ee \u00fb aram\u00ee li seranser\u00ea Kurdistan\u00ea serdest be, \u00fb gel\u00ea w\u00ea ji a\u015ft\u00ee \u00fb serfiraziy\u00ea k\u00eaf\u00ea werbigire. Em hevgirtina xwe ya tevah\u00ee bi gel\u00ea xwe y\u00ea li Her\u00eama Kurdistan\u00ea re ji n\u00fb ve pi\u015ftrast dikin dema ku ew bi dijwar\u00ee \u00fb \u00ear\u00ee\u015f\u00ean ku ewleh\u00ee \u00fb aramiya wan hedef digirin re r\u00fb bi r\u00fb dim\u00eenin.<\/p>\n<p>&nbsp;<\/p>\n<p>Dema ku em li ser wateya ge\u015f a Nowruz\u00ea difikirin, em nikarin \u00ea\u015fa bi hezaran malbat\u00ean ku ji ber li bend\u00ea mane \u00fb ji ber veqetandina bi zor\u00ea ji hezkiriy\u00ean xwe di girt\u00eegeh \u00fb navend\u00ean ragirtin\u00ea de \u015fikest\u00ee ne, pa\u015fguh bikin. Dayik hene ku her sibeh bi hesret\u00ea \u015fiyar dibin, bi h\u00eaviya n\u00fb\u00e7eyan; bav hene ku ji ber sebir\u00ea mane, \u00ea\u015fa xwe li pi\u015ft b\u00eadengiyek giran vedi\u015f\u00earin; \u00fb zarok\u00ean ku bi naskirina bav\u00ean xwe ten\u00ea bi w\u00eane \u00fb b\u00eeran\u00eenan mezin b\u00fbne. Ew \u00ea\u015feke rojane \u00fb b\u00eadeng e, l\u00ea di dil\u00ea gel\u00ea me de bi qas\u00ee bir\u00eeneke vekir\u00ee k\u00fbr e.<\/p>\n<p>&nbsp;<\/p>\n<p>Ji ber v\u00ea yek\u00ea, bi ruh\u00ea Newroz\u00ea, ku nirx\u00ean dilovan\u00ee \u00fb l\u00eabor\u00een\u00ea tems\u00eel dike, em bang dikin ku hem\u00fb girtiy\u00ean ku ji h\u00eala hem\u00fb aliyan ve hatine girtin werin berdan, \u00fb ji bo misogerkirina berdana girtiyan \u00fb e\u015fkerekirina \u00e7aren\u00fbsa windayan b\u00eay\u00ee derengmay\u00een\u00ea, gav\u00ean cid\u00ee \u00fb berpirsiyar werin av\u00eatin. Her wiha em tekez dikin ku \u00e7areserkirina v\u00ea kr\u00eeza mirov\u00ee gaveke bingeh\u00een e ber bi ba\u015fkirina bir\u00eenan \u00fb vegerandina a\u015ftiy\u00ea bo dil\u00ea malbat\u00ean ku ewqas dir\u00eaj li bend\u00ea mane.<\/p>\n<p>&nbsp;<\/p>\n<p>Ji malbat\u00ean girt\u00ee \u00fb windayan re, em dib\u00eajin: \u00ca\u015fa we nay\u00ea jib\u00eerkirin, sebra we b\u00ea feyde n\u00eene, \u00fb doza kur \u00fb ke\u00e7\u00ean we d\u00ea di wijdan\u00ea me \u00fb t\u00eako\u015f\u00eena me de hebe heya ku edalet p\u00eak were \u00fb ken li r\u00fby\u00ea we vegere. Em dua dikin ku Newroz a \u00eesal destp\u00eaka serdemeke n\u00fb ya yek\u00eet\u00ee \u00fb hevgirtina Kurdan be, bi xwe re mizg\u00eeniya rihet\u00ee \u00fb azadiy\u00ea b\u00eene, h\u00easir\u00ean bendewariy\u00ea veguher\u00eenin k\u00ealiy\u00ean ji n\u00fb ve hevd\u00eetin\u00ea, \u00fb y\u00ean ku ne li wir in vegerin hemb\u00eaza hezkiriy\u00ean xwe.<\/p>\n<p>&nbsp;<\/p>\n<p>Newroz p\u00eeroz be!<\/p>\n<p>Bij\u00ee Newroz! Bij\u00ee t\u00eako\u015f\u00eena gel\u00ea me y\u00ea Kurd!<\/p>\n<p>\u015fep\u00eala Azad\u00ee<\/p>\n<p>ya Kurdistan\u00ee<\/p>\n","protected":false},"excerpt":{"rendered":"<p>&nbsp; \u015fep\u00eala Azad\u00ee ya Kurdistan\u00ee p\u00eerozbahiy\u00ean xwe y\u00ean germ \u00fb silav\u00ean her\u00ee ba\u015f ji gel\u00ea&#8230;<\/p>\n","protected":false},"author":8,"featured_media":2751,"comment_status":"closed","ping_status":"closed","sticky":false,"template":"","format":"standard","meta":{"footnotes":""},"categories":[89],"tags":[],"class_list":["post-2750","post","type-post","status-publish","format-standard","has-post-thumbnail","hentry","category-pirozbahi"],"yoast_head":"<!-- This site is optimized with the Yoast SEO plugin v27.5 - https:\/\/yoast.com\/product\/yoast-seo-wordpress\/ -->\n<title>Peyama Cejna Newroz\u00ea ji \u015fep\u00eala Azad\u00ee ya Kurdistan\u00ee &#8226; \u015eAK<\/title>\n<meta name=\"robots\" content=\"index, follow, max-snippet:-1, max-image-preview:large, max-video-preview:-1\" \/>\n<link rel=\"canonical\" href=\"https:\/\/saknews.net\/ku\/?p=2750\" \/>\n<meta property=\"og:locale\" content=\"en_US\" \/>\n<meta property=\"og:type\" content=\"article\" \/>\n<meta property=\"og:title\" content=\"Peyama Cejna Newroz\u00ea ji \u015fep\u00eala Azad\u00ee ya Kurdistan\u00ee &#8226; \u015eAK\" \/>\n<meta property=\"og:description\" content=\"&nbsp; \u015fep\u00eala Azad\u00ee ya Kurdistan\u00ee p\u00eerozbahiy\u00ean xwe y\u00ean germ \u00fb silav\u00ean her\u00ee ba\u015f ji gel\u00ea...\" \/>\n<meta property=\"og:url\" content=\"https:\/\/saknews.net\/ku\/?p=2750\" \/>\n<meta property=\"og:site_name\" content=\"\u015eAK\" \/>\n<meta property=\"article:publisher\" content=\"https:\/\/www.facebook.com\/Shepel.ewropa\" \/>\n<meta property=\"article:published_time\" content=\"2026-03-19T18:12:36+00:00\" \/>\n<meta property=\"og:image\" content=\"https:\/\/saknews.net\/ku\/wp-content\/uploads\/2026\/03\/IMG-20260317-WA0042.jpg\" \/>\n\t<meta property=\"og:image:width\" content=\"1548\" \/>\n\t<meta property=\"og:image:height\" content=\"1600\" \/>\n\t<meta property=\"og:image:type\" content=\"image\/jpeg\" \/>\n<meta name=\"author\" content=\"Horan Hem\" \/>\n<meta name=\"twitter:card\" content=\"summary_large_image\" \/>\n<meta name=\"twitter:label1\" content=\"Written by\" \/>\n\t<meta name=\"twitter:data1\" content=\"Horan Hem\" \/>\n\t<meta name=\"twitter:label2\" content=\"Est. reading time\" \/>\n\t<meta name=\"twitter:data2\" content=\"2 minutes\" \/>\n<script type=\"application\/ld+json\" class=\"yoast-schema-graph\">{\"@context\":\"https:\\\/\\\/schema.org\",\"@graph\":[{\"@type\":\"Article\",\"@id\":\"https:\\\/\\\/saknews.net\\\/ku\\\/?p=2750#article\",\"isPartOf\":{\"@id\":\"https:\\\/\\\/saknews.net\\\/ku\\\/?p=2750\"},\"author\":{\"name\":\"Horan Hem\",\"@id\":\"https:\\\/\\\/saknews.net\\\/ku\\\/#\\\/schema\\\/person\\\/72ae32a4041a3817e015b63d8f409058\"},\"headline\":\"Peyama Cejna Newroz\u00ea ji \u015fep\u00eala Azad\u00ee ya Kurdistan\u00ee\",\"datePublished\":\"2026-03-19T18:12:36+00:00\",\"mainEntityOfPage\":{\"@id\":\"https:\\\/\\\/saknews.net\\\/ku\\\/?p=2750\"},\"wordCount\":484,\"publisher\":{\"@id\":\"https:\\\/\\\/saknews.net\\\/ku\\\/#organization\"},\"image\":{\"@id\":\"https:\\\/\\\/saknews.net\\\/ku\\\/?p=2750#primaryimage\"},\"thumbnailUrl\":\"https:\\\/\\\/i0.wp.com\\\/saknews.net\\\/ku\\\/wp-content\\\/uploads\\\/2026\\\/03\\\/IMG-20260317-WA0042.jpg?fit=1548%2C1600&ssl=1\",\"articleSection\":[\"P\u00eerozbah\u00ee\"],\"inLanguage\":\"en-US\"},{\"@type\":\"WebPage\",\"@id\":\"https:\\\/\\\/saknews.net\\\/ku\\\/?p=2750\",\"url\":\"https:\\\/\\\/saknews.net\\\/ku\\\/?p=2750\",\"name\":\"Peyama Cejna Newroz\u00ea ji \u015fep\u00eala Azad\u00ee ya Kurdistan\u00ee &#8226; \u015eAK\",\"isPartOf\":{\"@id\":\"https:\\\/\\\/saknews.net\\\/ku\\\/#website\"},\"primaryImageOfPage\":{\"@id\":\"https:\\\/\\\/saknews.net\\\/ku\\\/?p=2750#primaryimage\"},\"image\":{\"@id\":\"https:\\\/\\\/saknews.net\\\/ku\\\/?p=2750#primaryimage\"},\"thumbnailUrl\":\"https:\\\/\\\/i0.wp.com\\\/saknews.net\\\/ku\\\/wp-content\\\/uploads\\\/2026\\\/03\\\/IMG-20260317-WA0042.jpg?fit=1548%2C1600&ssl=1\",\"datePublished\":\"2026-03-19T18:12:36+00:00\",\"breadcrumb\":{\"@id\":\"https:\\\/\\\/saknews.net\\\/ku\\\/?p=2750#breadcrumb\"},\"inLanguage\":\"en-US\",\"potentialAction\":[{\"@type\":\"ReadAction\",\"target\":[\"https:\\\/\\\/saknews.net\\\/ku\\\/?p=2750\"]}]},{\"@type\":\"ImageObject\",\"inLanguage\":\"en-US\",\"@id\":\"https:\\\/\\\/saknews.net\\\/ku\\\/?p=2750#primaryimage\",\"url\":\"https:\\\/\\\/i0.wp.com\\\/saknews.net\\\/ku\\\/wp-content\\\/uploads\\\/2026\\\/03\\\/IMG-20260317-WA0042.jpg?fit=1548%2C1600&ssl=1\",\"contentUrl\":\"https:\\\/\\\/i0.wp.com\\\/saknews.net\\\/ku\\\/wp-content\\\/uploads\\\/2026\\\/03\\\/IMG-20260317-WA0042.jpg?fit=1548%2C1600&ssl=1\",\"width\":1548,\"height\":1600},{\"@type\":\"BreadcrumbList\",\"@id\":\"https:\\\/\\\/saknews.net\\\/ku\\\/?p=2750#breadcrumb\",\"itemListElement\":[{\"@type\":\"ListItem\",\"position\":1,\"name\":\"\u0627\u0644\u0631\u0626\u064a\u0633\u064a\u0629\",\"item\":\"https:\\\/\\\/saknews.net\\\/ku\\\/\"},{\"@type\":\"ListItem\",\"position\":2,\"name\":\"P\u00eerozbah\u00ee\",\"item\":\"https:\\\/\\\/saknews.net\\\/ku\\\/?cat=89\"},{\"@type\":\"ListItem\",\"position\":3,\"name\":\"Peyama Cejna Newroz\u00ea ji \u015fep\u00eala Azad\u00ee ya Kurdistan\u00ee\"}]},{\"@type\":\"WebSite\",\"@id\":\"https:\\\/\\\/saknews.net\\\/ku\\\/#website\",\"url\":\"https:\\\/\\\/saknews.net\\\/ku\\\/\",\"name\":\"S\u0327epe\u0302la Azadi\u0302 ya Kurdistani\u0302\",\"description\":\"\u062a\u064a\u0627\u0631 \u0627\u0644\u062d\u0631\u064a\u0629 \u0627\u0644\u0643\u0648\u0631\u062f\u0633\u062a\u0627\u0646\u064a \u015eep\u00eala Azad\u00ee ya Kurdistan\u00ee\",\"publisher\":{\"@id\":\"https:\\\/\\\/saknews.net\\\/ku\\\/#organization\"},\"potentialAction\":[{\"@type\":\"SearchAction\",\"target\":{\"@type\":\"EntryPoint\",\"urlTemplate\":\"https:\\\/\\\/saknews.net\\\/ku\\\/?s={search_term_string}\"},\"query-input\":{\"@type\":\"PropertyValueSpecification\",\"valueRequired\":true,\"valueName\":\"search_term_string\"}}],\"inLanguage\":\"en-US\"},{\"@type\":\"Organization\",\"@id\":\"https:\\\/\\\/saknews.net\\\/ku\\\/#organization\",\"name\":\"\u015eep\u00eala Azadiy\u00ea ya Kurdistan\u00ea - \u062a\u064a\u0627\u0631 \u0627\u0644\u062d\u0631\u064a\u0629 \u0627\u0644\u0643\u0648\u0631\u062f\u0633\u062a\u0627\u0646\u064a\",\"url\":\"https:\\\/\\\/saknews.net\\\/ku\\\/\",\"logo\":{\"@type\":\"ImageObject\",\"inLanguage\":\"en-US\",\"@id\":\"https:\\\/\\\/saknews.net\\\/ku\\\/#\\\/schema\\\/logo\\\/image\\\/\",\"url\":\"https:\\\/\\\/i0.wp.com\\\/saknews.net\\\/ku\\\/wp-content\\\/uploads\\\/2024\\\/11\\\/cropped-logo-1.png?fit=512%2C512&ssl=1\",\"contentUrl\":\"https:\\\/\\\/i0.wp.com\\\/saknews.net\\\/ku\\\/wp-content\\\/uploads\\\/2024\\\/11\\\/cropped-logo-1.png?fit=512%2C512&ssl=1\",\"width\":512,\"height\":512,\"caption\":\"\u015eep\u00eala Azadiy\u00ea ya Kurdistan\u00ea - \u062a\u064a\u0627\u0631 \u0627\u0644\u062d\u0631\u064a\u0629 \u0627\u0644\u0643\u0648\u0631\u062f\u0633\u062a\u0627\u0646\u064a\"},\"image\":{\"@id\":\"https:\\\/\\\/saknews.net\\\/ku\\\/#\\\/schema\\\/logo\\\/image\\\/\"},\"sameAs\":[\"https:\\\/\\\/www.facebook.com\\\/Shepel.ewropa\"]},{\"@type\":\"Person\",\"@id\":\"https:\\\/\\\/saknews.net\\\/ku\\\/#\\\/schema\\\/person\\\/72ae32a4041a3817e015b63d8f409058\",\"name\":\"Horan Hem\",\"url\":\"https:\\\/\\\/saknews.net\\\/ku\\\/?author=8\"}]}<\/script>\n<!-- \/ Yoast SEO plugin. -->","yoast_head_json":{"title":"Peyama Cejna Newroz\u00ea ji \u015fep\u00eala Azad\u00ee ya Kurdistan\u00ee &#8226; \u015eAK","robots":{"index":"index","follow":"follow","max-snippet":"max-snippet:-1","max-image-preview":"max-image-preview:large","max-video-preview":"max-video-preview:-1"},"canonical":"https:\/\/saknews.net\/ku\/?p=2750","og_locale":"en_US","og_type":"article","og_title":"Peyama Cejna Newroz\u00ea ji \u015fep\u00eala Azad\u00ee ya Kurdistan\u00ee &#8226; \u015eAK","og_description":"&nbsp; \u015fep\u00eala Azad\u00ee ya Kurdistan\u00ee p\u00eerozbahiy\u00ean xwe y\u00ean germ \u00fb silav\u00ean her\u00ee ba\u015f ji gel\u00ea...","og_url":"https:\/\/saknews.net\/ku\/?p=2750","og_site_name":"\u015eAK","article_publisher":"https:\/\/www.facebook.com\/Shepel.ewropa","article_published_time":"2026-03-19T18:12:36+00:00","og_image":[{"width":1548,"height":1600,"url":"https:\/\/saknews.net\/ku\/wp-content\/uploads\/2026\/03\/IMG-20260317-WA0042.jpg","type":"image\/jpeg"}],"author":"Horan Hem","twitter_card":"summary_large_image","twitter_misc":{"Written by":"Horan Hem","Est. reading time":"2 minutes"},"schema":{"@context":"https:\/\/schema.org","@graph":[{"@type":"Article","@id":"https:\/\/saknews.net\/ku\/?p=2750#article","isPartOf":{"@id":"https:\/\/saknews.net\/ku\/?p=2750"},"author":{"name":"Horan Hem","@id":"https:\/\/saknews.net\/ku\/#\/schema\/person\/72ae32a4041a3817e015b63d8f409058"},"headline":"Peyama Cejna Newroz\u00ea ji \u015fep\u00eala Azad\u00ee ya Kurdistan\u00ee","datePublished":"2026-03-19T18:12:36+00:00","mainEntityOfPage":{"@id":"https:\/\/saknews.net\/ku\/?p=2750"},"wordCount":484,"publisher":{"@id":"https:\/\/saknews.net\/ku\/#organization"},"image":{"@id":"https:\/\/saknews.net\/ku\/?p=2750#primaryimage"},"thumbnailUrl":"https:\/\/i0.wp.com\/saknews.net\/ku\/wp-content\/uploads\/2026\/03\/IMG-20260317-WA0042.jpg?fit=1548%2C1600&ssl=1","articleSection":["P\u00eerozbah\u00ee"],"inLanguage":"en-US"},{"@type":"WebPage","@id":"https:\/\/saknews.net\/ku\/?p=2750","url":"https:\/\/saknews.net\/ku\/?p=2750","name":"Peyama Cejna Newroz\u00ea ji \u015fep\u00eala Azad\u00ee ya Kurdistan\u00ee &#8226; \u015eAK","isPartOf":{"@id":"https:\/\/saknews.net\/ku\/#website"},"primaryImageOfPage":{"@id":"https:\/\/saknews.net\/ku\/?p=2750#primaryimage"},"image":{"@id":"https:\/\/saknews.net\/ku\/?p=2750#primaryimage"},"thumbnailUrl":"https:\/\/i0.wp.com\/saknews.net\/ku\/wp-content\/uploads\/2026\/03\/IMG-20260317-WA0042.jpg?fit=1548%2C1600&ssl=1","datePublished":"2026-03-19T18:12:36+00:00","breadcrumb":{"@id":"https:\/\/saknews.net\/ku\/?p=2750#breadcrumb"},"inLanguage":"en-US","potentialAction":[{"@type":"ReadAction","target":["https:\/\/saknews.net\/ku\/?p=2750"]}]},{"@type":"ImageObject","inLanguage":"en-US","@id":"https:\/\/saknews.net\/ku\/?p=2750#primaryimage","url":"https:\/\/i0.wp.com\/saknews.net\/ku\/wp-content\/uploads\/2026\/03\/IMG-20260317-WA0042.jpg?fit=1548%2C1600&ssl=1","contentUrl":"https:\/\/i0.wp.com\/saknews.net\/ku\/wp-content\/uploads\/2026\/03\/IMG-20260317-WA0042.jpg?fit=1548%2C1600&ssl=1","width":1548,"height":1600},{"@type":"BreadcrumbList","@id":"https:\/\/saknews.net\/ku\/?p=2750#breadcrumb","itemListElement":[{"@type":"ListItem","position":1,"name":"\u0627\u0644\u0631\u0626\u064a\u0633\u064a\u0629","item":"https:\/\/saknews.net\/ku\/"},{"@type":"ListItem","position":2,"name":"P\u00eerozbah\u00ee","item":"https:\/\/saknews.net\/ku\/?cat=89"},{"@type":"ListItem","position":3,"name":"Peyama Cejna Newroz\u00ea ji \u015fep\u00eala Azad\u00ee ya Kurdistan\u00ee"}]},{"@type":"WebSite","@id":"https:\/\/saknews.net\/ku\/#website","url":"https:\/\/saknews.net\/ku\/","name":"S\u0327epe\u0302la Azadi\u0302 ya Kurdistani\u0302","description":"\u062a\u064a\u0627\u0631 \u0627\u0644\u062d\u0631\u064a\u0629 \u0627\u0644\u0643\u0648\u0631\u062f\u0633\u062a\u0627\u0646\u064a \u015eep\u00eala Azad\u00ee ya Kurdistan\u00ee","publisher":{"@id":"https:\/\/saknews.net\/ku\/#organization"},"potentialAction":[{"@type":"SearchAction","target":{"@type":"EntryPoint","urlTemplate":"https:\/\/saknews.net\/ku\/?s={search_term_string}"},"query-input":{"@type":"PropertyValueSpecification","valueRequired":true,"valueName":"search_term_string"}}],"inLanguage":"en-US"},{"@type":"Organization","@id":"https:\/\/saknews.net\/ku\/#organization","name":"\u015eep\u00eala Azadiy\u00ea ya Kurdistan\u00ea - \u062a\u064a\u0627\u0631 \u0627\u0644\u062d\u0631\u064a\u0629 \u0627\u0644\u0643\u0648\u0631\u062f\u0633\u062a\u0627\u0646\u064a","url":"https:\/\/saknews.net\/ku\/","logo":{"@type":"ImageObject","inLanguage":"en-US","@id":"https:\/\/saknews.net\/ku\/#\/schema\/logo\/image\/","url":"https:\/\/i0.wp.com\/saknews.net\/ku\/wp-content\/uploads\/2024\/11\/cropped-logo-1.png?fit=512%2C512&ssl=1","contentUrl":"https:\/\/i0.wp.com\/saknews.net\/ku\/wp-content\/uploads\/2024\/11\/cropped-logo-1.png?fit=512%2C512&ssl=1","width":512,"height":512,"caption":"\u015eep\u00eala Azadiy\u00ea ya Kurdistan\u00ea - \u062a\u064a\u0627\u0631 \u0627\u0644\u062d\u0631\u064a\u0629 \u0627\u0644\u0643\u0648\u0631\u062f\u0633\u062a\u0627\u0646\u064a"},"image":{"@id":"https:\/\/saknews.net\/ku\/#\/schema\/logo\/image\/"},"sameAs":["https:\/\/www.facebook.com\/Shepel.ewropa"]},{"@type":"Person","@id":"https:\/\/saknews.net\/ku\/#\/schema\/person\/72ae32a4041a3817e015b63d8f409058","name":"Horan Hem","url":"https:\/\/saknews.net\/ku\/?author=8"}]}},"featured_image_urls":{"full":["https:\/\/i0.wp.com\/saknews.net\/ku\/wp-content\/uploads\/2026\/03\/IMG-20260317-WA0042.jpg?fit=1548%2C1600&ssl=1",1548,1600,false],"thumbnail":["https:\/\/i0.wp.com\/saknews.net\/ku\/wp-content\/uploads\/2026\/03\/IMG-20260317-WA0042.jpg?resize=150%2C150&ssl=1",150,150,true],"medium":["https:\/\/i0.wp.com\/saknews.net\/ku\/wp-content\/uploads\/2026\/03\/IMG-20260317-WA0042.jpg?fit=290%2C300&ssl=1",290,300,true],"medium_large":["https:\/\/i0.wp.com\/saknews.net\/ku\/wp-content\/uploads\/2026\/03\/IMG-20260317-WA0042.jpg?fit=640%2C662&ssl=1",640,662,true],"large":["https:\/\/i0.wp.com\/saknews.net\/ku\/wp-content\/uploads\/2026\/03\/IMG-20260317-WA0042.jpg?fit=640%2C661&ssl=1",640,661,true],"1536x1536":["https:\/\/i0.wp.com\/saknews.net\/ku\/wp-content\/uploads\/2026\/03\/IMG-20260317-WA0042.jpg?fit=1486%2C1536&ssl=1",1486,1536,true],"2048x2048":["https:\/\/i0.wp.com\/saknews.net\/ku\/wp-content\/uploads\/2026\/03\/IMG-20260317-WA0042.jpg?fit=1548%2C1600&ssl=1",1548,1600,true],"covernews-featured":["https:\/\/i0.wp.com\/saknews.net\/ku\/wp-content\/uploads\/2026\/03\/IMG-20260317-WA0042.jpg?fit=1024%2C1058&ssl=1",1024,1058,true],"covernews-medium":["https:\/\/i0.wp.com\/saknews.net\/ku\/wp-content\/uploads\/2026\/03\/IMG-20260317-WA0042.jpg?resize=540%2C340&ssl=1",540,340,true]},"author_info":{"display_name":"Horan Hem","author_link":"https:\/\/saknews.net\/ku\/?author=8"},"category_info":"<a href=\"https:\/\/saknews.net\/ku\/?cat=89\" rel=\"category\">P\u00eerozbah\u00ee<\/a>","tag_info":"P\u00eerozbah\u00ee","comment_count":"0","_links":{"self":[{"href":"https:\/\/saknews.net\/ku\/index.php?rest_route=\/wp\/v2\/posts\/2750","targetHints":{"allow":["GET"]}}],"collection":[{"href":"https:\/\/saknews.net\/ku\/index.php?rest_route=\/wp\/v2\/posts"}],"about":[{"href":"https:\/\/saknews.net\/ku\/index.php?rest_route=\/wp\/v2\/types\/post"}],"author":[{"embeddable":true,"href":"https:\/\/saknews.net\/ku\/index.php?rest_route=\/wp\/v2\/users\/8"}],"replies":[{"embeddable":true,"href":"https:\/\/saknews.net\/ku\/index.php?rest_route=%2Fwp%2Fv2%2Fcomments&post=2750"}],"version-history":[{"count":1,"href":"https:\/\/saknews.net\/ku\/index.php?rest_route=\/wp\/v2\/posts\/2750\/revisions"}],"predecessor-version":[{"id":2752,"href":"https:\/\/saknews.net\/ku\/index.php?rest_route=\/wp\/v2\/posts\/2750\/revisions\/2752"}],"wp:featuredmedia":[{"embeddable":true,"href":"https:\/\/saknews.net\/ku\/index.php?rest_route=\/wp\/v2\/media\/2751"}],"wp:attachment":[{"href":"https:\/\/saknews.net\/ku\/index.php?rest_route=%2Fwp%2Fv2%2Fmedia&parent=2750"}],"wp:term":[{"taxonomy":"category","embeddable":true,"href":"https:\/\/saknews.net\/ku\/index.php?rest_route=%2Fwp%2Fv2%2Fcategories&post=2750"},{"taxonomy":"post_tag","embeddable":true,"href":"https:\/\/saknews.net\/ku\/index.php?rest_route=%2Fwp%2Fv2%2Ftags&post=2750"}],"curies":[{"name":"wp","href":"https:\/\/api.w.org\/{rel}","templated":true}]}}