{"id":2754,"date":"2026-03-22T10:44:06","date_gmt":"2026-03-22T10:44:06","guid":{"rendered":"https:\/\/saknews.net\/ku\/?p=2754"},"modified":"2026-03-22T10:44:06","modified_gmt":"2026-03-22T10:44:06","slug":"agire-nowruze-li-bonne-hebuna-kurdan-rezan-dike-yek-u-soza-azadiye-nu-dike","status":"publish","type":"post","link":"https:\/\/saknews.net\/ku\/?p=2754","title":{"rendered":"Agir\u00ea Nowruz\u00ea li Bonn\u00ea\u2026 heb\u00fbna Kurdan r\u00eazan dike yek \u00fb soza azadiy\u00ea n\u00fb dike"},"content":{"rendered":"<p>Di d\u00eemenek tij\u00ee gir\u00eengiya netewey\u00ee de \u00fb d\u00eerokeke dir\u00eaj a t\u00eako\u015f\u00een \u00fb h\u00eaviy\u00ea, \u015fandeyeke ferm\u00ee ya \u015fp\u00eala Azad\u00ee ya Kurdistan\u00ee be\u015fdar\u00ee p\u00eerozbahiy\u00ean Nowruz\u00ea li Bonn, Almanya b\u00fb, li wir agir\u00ea azadiy\u00ea ji n\u00fb ve p\u00ea ket \u00fb peyam\u00ean berxwedan \u00fb yek\u00eetiy\u00ea ji bo hem\u00fb be\u015f\u00ean Kurdistan\u00ea bi xwe re an\u00ee.<\/p>\n<p>Di bin dir\u00fb\u015fmeya &#8220;Azad\u00ee ji bo Rojhilat\u00ea Kurdistan\u00ea&#8221;, heb\u00fbna Tevger\u00ea pi\u015ftrast kir ku Nowruz ne ten\u00ea cejneke demk\u00ee ye, l\u00ea bel\u00ea qonaxeke n\u00fb di t\u00eako\u015f\u00een\u00ea de ye, demek e ku gel\u00ea Kurd b\u00eeran\u00eena xwe ya kolekt\u00eef bi b\u00eer t\u00eene \u00fb pabendb\u00fbna xwe bi nirx\u00ean azad\u00ee \u00fb r\u00fbmet\u00ea re ji n\u00fb ve pi\u015ftrast dike. Di nav slogan\u00ean \u015fad \u00fb cil\u00ean Kurd\u00ee y\u00ean ge\u015f de ku meydana p\u00eerozbahiy\u00ea xemilandin, \u015fandeya Tevger\u00ea xuyangeke balk\u00ea\u015f n\u00ee\u015fan da, ku hesteke k\u00fbr a a\u00eediyet\u00ea \u00fb hesteke k\u00fbr a berpirsiyariya netewey\u00ee n\u00ee\u015fan da.<\/p>\n<p>Di nav \u015fandey\u00ea de Profesor D\u00eedar M\u00eero, Serok\u00ea \u015fep\u00eala Azad\u00ee ya Kurdistan\u00ee, c\u00eegir\u00ea w\u00ee, Dr. Tariq Xirk\u00ee, \u00fb Bir\u00eaz Siamand M\u00eero, endam\u00ea encumena serokatiy\u00ea heb\u00fbn. Ew li ser platforma ferm\u00ee li k\u00ealeka n\u00fbner\u00ean h\u00eaz\u00ean siyas\u00ee \u00fb kesayet\u00ean civak\u00ee \u00fb siv\u00eel \u00ean navdar r\u00fbni\u015ftin, tabloyek yekgirt\u00ee afirandin ku cih\u00eareng\u00ee \u00fb hevgirtina tevgera netewey\u00ee ya Kurd n\u00ee\u015fan dida. Ev heb\u00fbn ne ten\u00ea meseleyek protokol\u00ea b\u00fb, l\u00ea \u00eefadeyek dilsoz a pabendb\u00fbna tevger\u00ea ji bo xurtkirina t\u00eakiliy\u00ean netewey\u00ee di navbera p\u00eakhatey\u00ean cih\u00eareng \u00ean gel\u00ea Kurd de \u00fb xurtkirina prens\u00eeba yek\u00eetiy\u00ea li hember dijwar\u00eeyan, nemaze ji ber \u015fert \u00fb merc\u00ean hesas \u00ean ku niha bandor\u00ea li be\u015f\u00ean Kurdistan\u00ea dikin. Di nav agir\u00ea ku di p\u00eerozbahiya Nowruz\u00ea de derket hol\u00ea de, sembol\u00eezma berxwedan \u00fb vej\u00een\u00ea hate tems\u00eelkirin, m\u00eena ku careke din ragih\u00eene ku \u00eeradeya gel ne\u015fikest\u00ee ye, \u00fb ku sibeha azadiy\u00ea, her \u00e7end dereng bim\u00eene j\u00ee, b\u00ea guman d\u00ea vebe.<\/p>\n<p>Be\u015fdarb\u00fbna \u015fep\u00eala Azad\u00ee<\/p>\n<p>ya Kurdistan\u00ee di v\u00ea b\u00fbyera netewey\u00ee ya mezin de baweriyek k\u00fbr n\u00ee\u015fan dide ku t\u00eako\u015f\u00eena Kurd yek e, \u00fb yek\u00eetiya gotin \u00fb kirin r\u00eaya bidestxistina xwestek\u00ean gel\u00ea Kurd ji bo azad\u00ee \u00fb aramiy\u00ea ye. Ew her weha pi\u015ftrast dike ku Nowruz d\u00ea sembolek may\u00eende bim\u00eene ku Kurdan li hundur \u00fb dervey\u00ee welat yek dike, \u00fb wan li dora dozek dadperwer t\u00eene cem hev ku bi dem\u00ea re qet na\u00e7e.<\/p>\n<p>\u015fep\u00eala Azad\u00ee ya Kurdistan\u00ee<\/p>\n<p>22\u00ea Adar\u00ea, 2026<\/p>\n","protected":false},"excerpt":{"rendered":"<p>Di d\u00eemenek tij\u00ee gir\u00eengiya netewey\u00ee de \u00fb d\u00eerokeke dir\u00eaj a t\u00eako\u015f\u00een \u00fb h\u00eaviy\u00ea, \u015fandeyeke ferm\u00ee&#8230;<\/p>\n","protected":false},"author":8,"featured_media":2757,"comment_status":"closed","ping_status":"closed","sticky":false,"template":"","format":"standard","meta":{"footnotes":""},"categories":[1],"tags":[],"class_list":["post-2754","post","type-post","status-publish","format-standard","has-post-thumbnail","hentry","category-sak"],"yoast_head":"<!-- This site is optimized with the Yoast SEO plugin v27.5 - https:\/\/yoast.com\/product\/yoast-seo-wordpress\/ -->\n<title>Agir\u00ea Nowruz\u00ea li Bonn\u00ea\u2026 heb\u00fbna Kurdan r\u00eazan dike yek \u00fb soza azadiy\u00ea n\u00fb dike &#8226; \u015eAK<\/title>\n<meta name=\"robots\" content=\"index, follow, max-snippet:-1, max-image-preview:large, max-video-preview:-1\" \/>\n<link rel=\"canonical\" href=\"https:\/\/saknews.net\/ku\/?p=2754\" \/>\n<meta property=\"og:locale\" content=\"en_US\" \/>\n<meta property=\"og:type\" content=\"article\" \/>\n<meta property=\"og:title\" content=\"Agir\u00ea Nowruz\u00ea li Bonn\u00ea\u2026 heb\u00fbna Kurdan r\u00eazan dike yek \u00fb soza azadiy\u00ea n\u00fb dike &#8226; \u015eAK\" \/>\n<meta property=\"og:description\" content=\"Di d\u00eemenek tij\u00ee gir\u00eengiya netewey\u00ee de \u00fb d\u00eerokeke dir\u00eaj a t\u00eako\u015f\u00een \u00fb h\u00eaviy\u00ea, \u015fandeyeke ferm\u00ee...\" \/>\n<meta property=\"og:url\" content=\"https:\/\/saknews.net\/ku\/?p=2754\" \/>\n<meta property=\"og:site_name\" content=\"\u015eAK\" \/>\n<meta property=\"article:publisher\" content=\"https:\/\/www.facebook.com\/Shepel.ewropa\" \/>\n<meta property=\"article:published_time\" content=\"2026-03-22T10:44:06+00:00\" \/>\n<meta property=\"og:image\" content=\"https:\/\/saknews.net\/ku\/wp-content\/uploads\/2026\/03\/IMG-20260322-WA0070.jpg\" \/>\n\t<meta property=\"og:image:width\" content=\"1200\" \/>\n\t<meta property=\"og:image:height\" content=\"1600\" \/>\n\t<meta property=\"og:image:type\" content=\"image\/jpeg\" \/>\n<meta name=\"author\" content=\"Horan Hem\" \/>\n<meta name=\"twitter:card\" content=\"summary_large_image\" \/>\n<meta name=\"twitter:label1\" content=\"Written by\" \/>\n\t<meta name=\"twitter:data1\" content=\"Horan Hem\" \/>\n\t<meta name=\"twitter:label2\" content=\"Est. reading time\" \/>\n\t<meta name=\"twitter:data2\" content=\"2 minutes\" \/>\n<script type=\"application\/ld+json\" class=\"yoast-schema-graph\">{\"@context\":\"https:\\\/\\\/schema.org\",\"@graph\":[{\"@type\":\"Article\",\"@id\":\"https:\\\/\\\/saknews.net\\\/ku\\\/?p=2754#article\",\"isPartOf\":{\"@id\":\"https:\\\/\\\/saknews.net\\\/ku\\\/?p=2754\"},\"author\":{\"name\":\"Horan Hem\",\"@id\":\"https:\\\/\\\/saknews.net\\\/ku\\\/#\\\/schema\\\/person\\\/72ae32a4041a3817e015b63d8f409058\"},\"headline\":\"Agir\u00ea Nowruz\u00ea li Bonn\u00ea\u2026 heb\u00fbna Kurdan r\u00eazan dike yek \u00fb soza azadiy\u00ea n\u00fb dike\",\"datePublished\":\"2026-03-22T10:44:06+00:00\",\"mainEntityOfPage\":{\"@id\":\"https:\\\/\\\/saknews.net\\\/ku\\\/?p=2754\"},\"wordCount\":443,\"publisher\":{\"@id\":\"https:\\\/\\\/saknews.net\\\/ku\\\/#organization\"},\"image\":{\"@id\":\"https:\\\/\\\/saknews.net\\\/ku\\\/?p=2754#primaryimage\"},\"thumbnailUrl\":\"https:\\\/\\\/i0.wp.com\\\/saknews.net\\\/ku\\\/wp-content\\\/uploads\\\/2026\\\/03\\\/IMG-20260322-WA0070.jpg?fit=1200%2C1600&ssl=1\",\"articleSection\":[\"\u015eAK\"],\"inLanguage\":\"en-US\"},{\"@type\":\"WebPage\",\"@id\":\"https:\\\/\\\/saknews.net\\\/ku\\\/?p=2754\",\"url\":\"https:\\\/\\\/saknews.net\\\/ku\\\/?p=2754\",\"name\":\"Agir\u00ea Nowruz\u00ea li Bonn\u00ea\u2026 heb\u00fbna Kurdan r\u00eazan dike yek \u00fb soza azadiy\u00ea n\u00fb dike &#8226; \u015eAK\",\"isPartOf\":{\"@id\":\"https:\\\/\\\/saknews.net\\\/ku\\\/#website\"},\"primaryImageOfPage\":{\"@id\":\"https:\\\/\\\/saknews.net\\\/ku\\\/?p=2754#primaryimage\"},\"image\":{\"@id\":\"https:\\\/\\\/saknews.net\\\/ku\\\/?p=2754#primaryimage\"},\"thumbnailUrl\":\"https:\\\/\\\/i0.wp.com\\\/saknews.net\\\/ku\\\/wp-content\\\/uploads\\\/2026\\\/03\\\/IMG-20260322-WA0070.jpg?fit=1200%2C1600&ssl=1\",\"datePublished\":\"2026-03-22T10:44:06+00:00\",\"breadcrumb\":{\"@id\":\"https:\\\/\\\/saknews.net\\\/ku\\\/?p=2754#breadcrumb\"},\"inLanguage\":\"en-US\",\"potentialAction\":[{\"@type\":\"ReadAction\",\"target\":[\"https:\\\/\\\/saknews.net\\\/ku\\\/?p=2754\"]}]},{\"@type\":\"ImageObject\",\"inLanguage\":\"en-US\",\"@id\":\"https:\\\/\\\/saknews.net\\\/ku\\\/?p=2754#primaryimage\",\"url\":\"https:\\\/\\\/i0.wp.com\\\/saknews.net\\\/ku\\\/wp-content\\\/uploads\\\/2026\\\/03\\\/IMG-20260322-WA0070.jpg?fit=1200%2C1600&ssl=1\",\"contentUrl\":\"https:\\\/\\\/i0.wp.com\\\/saknews.net\\\/ku\\\/wp-content\\\/uploads\\\/2026\\\/03\\\/IMG-20260322-WA0070.jpg?fit=1200%2C1600&ssl=1\",\"width\":1200,\"height\":1600},{\"@type\":\"BreadcrumbList\",\"@id\":\"https:\\\/\\\/saknews.net\\\/ku\\\/?p=2754#breadcrumb\",\"itemListElement\":[{\"@type\":\"ListItem\",\"position\":1,\"name\":\"\u0627\u0644\u0631\u0626\u064a\u0633\u064a\u0629\",\"item\":\"https:\\\/\\\/saknews.net\\\/ku\\\/\"},{\"@type\":\"ListItem\",\"position\":2,\"name\":\"\u015eAK\",\"item\":\"https:\\\/\\\/saknews.net\\\/ku\\\/?cat=1\"},{\"@type\":\"ListItem\",\"position\":3,\"name\":\"Agir\u00ea Nowruz\u00ea li Bonn\u00ea\u2026 heb\u00fbna Kurdan r\u00eazan dike yek \u00fb soza azadiy\u00ea n\u00fb dike\"}]},{\"@type\":\"WebSite\",\"@id\":\"https:\\\/\\\/saknews.net\\\/ku\\\/#website\",\"url\":\"https:\\\/\\\/saknews.net\\\/ku\\\/\",\"name\":\"S\u0327epe\u0302la Azadi\u0302 ya Kurdistani\u0302\",\"description\":\"\u062a\u064a\u0627\u0631 \u0627\u0644\u062d\u0631\u064a\u0629 \u0627\u0644\u0643\u0648\u0631\u062f\u0633\u062a\u0627\u0646\u064a \u015eep\u00eala Azad\u00ee ya Kurdistan\u00ee\",\"publisher\":{\"@id\":\"https:\\\/\\\/saknews.net\\\/ku\\\/#organization\"},\"potentialAction\":[{\"@type\":\"SearchAction\",\"target\":{\"@type\":\"EntryPoint\",\"urlTemplate\":\"https:\\\/\\\/saknews.net\\\/ku\\\/?s={search_term_string}\"},\"query-input\":{\"@type\":\"PropertyValueSpecification\",\"valueRequired\":true,\"valueName\":\"search_term_string\"}}],\"inLanguage\":\"en-US\"},{\"@type\":\"Organization\",\"@id\":\"https:\\\/\\\/saknews.net\\\/ku\\\/#organization\",\"name\":\"\u015eep\u00eala Azadiy\u00ea ya Kurdistan\u00ea - \u062a\u064a\u0627\u0631 \u0627\u0644\u062d\u0631\u064a\u0629 \u0627\u0644\u0643\u0648\u0631\u062f\u0633\u062a\u0627\u0646\u064a\",\"url\":\"https:\\\/\\\/saknews.net\\\/ku\\\/\",\"logo\":{\"@type\":\"ImageObject\",\"inLanguage\":\"en-US\",\"@id\":\"https:\\\/\\\/saknews.net\\\/ku\\\/#\\\/schema\\\/logo\\\/image\\\/\",\"url\":\"https:\\\/\\\/i0.wp.com\\\/saknews.net\\\/ku\\\/wp-content\\\/uploads\\\/2024\\\/11\\\/cropped-logo-1.png?fit=512%2C512&ssl=1\",\"contentUrl\":\"https:\\\/\\\/i0.wp.com\\\/saknews.net\\\/ku\\\/wp-content\\\/uploads\\\/2024\\\/11\\\/cropped-logo-1.png?fit=512%2C512&ssl=1\",\"width\":512,\"height\":512,\"caption\":\"\u015eep\u00eala Azadiy\u00ea ya Kurdistan\u00ea - \u062a\u064a\u0627\u0631 \u0627\u0644\u062d\u0631\u064a\u0629 \u0627\u0644\u0643\u0648\u0631\u062f\u0633\u062a\u0627\u0646\u064a\"},\"image\":{\"@id\":\"https:\\\/\\\/saknews.net\\\/ku\\\/#\\\/schema\\\/logo\\\/image\\\/\"},\"sameAs\":[\"https:\\\/\\\/www.facebook.com\\\/Shepel.ewropa\"]},{\"@type\":\"Person\",\"@id\":\"https:\\\/\\\/saknews.net\\\/ku\\\/#\\\/schema\\\/person\\\/72ae32a4041a3817e015b63d8f409058\",\"name\":\"Horan Hem\",\"url\":\"https:\\\/\\\/saknews.net\\\/ku\\\/?author=8\"}]}<\/script>\n<!-- \/ Yoast SEO plugin. -->","yoast_head_json":{"title":"Agir\u00ea Nowruz\u00ea li Bonn\u00ea\u2026 heb\u00fbna Kurdan r\u00eazan dike yek \u00fb soza azadiy\u00ea n\u00fb dike &#8226; \u015eAK","robots":{"index":"index","follow":"follow","max-snippet":"max-snippet:-1","max-image-preview":"max-image-preview:large","max-video-preview":"max-video-preview:-1"},"canonical":"https:\/\/saknews.net\/ku\/?p=2754","og_locale":"en_US","og_type":"article","og_title":"Agir\u00ea Nowruz\u00ea li Bonn\u00ea\u2026 heb\u00fbna Kurdan r\u00eazan dike yek \u00fb soza azadiy\u00ea n\u00fb dike &#8226; \u015eAK","og_description":"Di d\u00eemenek tij\u00ee gir\u00eengiya netewey\u00ee de \u00fb d\u00eerokeke dir\u00eaj a t\u00eako\u015f\u00een \u00fb h\u00eaviy\u00ea, \u015fandeyeke ferm\u00ee...","og_url":"https:\/\/saknews.net\/ku\/?p=2754","og_site_name":"\u015eAK","article_publisher":"https:\/\/www.facebook.com\/Shepel.ewropa","article_published_time":"2026-03-22T10:44:06+00:00","og_image":[{"width":1200,"height":1600,"url":"https:\/\/saknews.net\/ku\/wp-content\/uploads\/2026\/03\/IMG-20260322-WA0070.jpg","type":"image\/jpeg"}],"author":"Horan Hem","twitter_card":"summary_large_image","twitter_misc":{"Written by":"Horan Hem","Est. reading time":"2 minutes"},"schema":{"@context":"https:\/\/schema.org","@graph":[{"@type":"Article","@id":"https:\/\/saknews.net\/ku\/?p=2754#article","isPartOf":{"@id":"https:\/\/saknews.net\/ku\/?p=2754"},"author":{"name":"Horan Hem","@id":"https:\/\/saknews.net\/ku\/#\/schema\/person\/72ae32a4041a3817e015b63d8f409058"},"headline":"Agir\u00ea Nowruz\u00ea li Bonn\u00ea\u2026 heb\u00fbna Kurdan r\u00eazan dike yek \u00fb soza azadiy\u00ea n\u00fb dike","datePublished":"2026-03-22T10:44:06+00:00","mainEntityOfPage":{"@id":"https:\/\/saknews.net\/ku\/?p=2754"},"wordCount":443,"publisher":{"@id":"https:\/\/saknews.net\/ku\/#organization"},"image":{"@id":"https:\/\/saknews.net\/ku\/?p=2754#primaryimage"},"thumbnailUrl":"https:\/\/i0.wp.com\/saknews.net\/ku\/wp-content\/uploads\/2026\/03\/IMG-20260322-WA0070.jpg?fit=1200%2C1600&ssl=1","articleSection":["\u015eAK"],"inLanguage":"en-US"},{"@type":"WebPage","@id":"https:\/\/saknews.net\/ku\/?p=2754","url":"https:\/\/saknews.net\/ku\/?p=2754","name":"Agir\u00ea Nowruz\u00ea li Bonn\u00ea\u2026 heb\u00fbna Kurdan r\u00eazan dike yek \u00fb soza azadiy\u00ea n\u00fb dike &#8226; \u015eAK","isPartOf":{"@id":"https:\/\/saknews.net\/ku\/#website"},"primaryImageOfPage":{"@id":"https:\/\/saknews.net\/ku\/?p=2754#primaryimage"},"image":{"@id":"https:\/\/saknews.net\/ku\/?p=2754#primaryimage"},"thumbnailUrl":"https:\/\/i0.wp.com\/saknews.net\/ku\/wp-content\/uploads\/2026\/03\/IMG-20260322-WA0070.jpg?fit=1200%2C1600&ssl=1","datePublished":"2026-03-22T10:44:06+00:00","breadcrumb":{"@id":"https:\/\/saknews.net\/ku\/?p=2754#breadcrumb"},"inLanguage":"en-US","potentialAction":[{"@type":"ReadAction","target":["https:\/\/saknews.net\/ku\/?p=2754"]}]},{"@type":"ImageObject","inLanguage":"en-US","@id":"https:\/\/saknews.net\/ku\/?p=2754#primaryimage","url":"https:\/\/i0.wp.com\/saknews.net\/ku\/wp-content\/uploads\/2026\/03\/IMG-20260322-WA0070.jpg?fit=1200%2C1600&ssl=1","contentUrl":"https:\/\/i0.wp.com\/saknews.net\/ku\/wp-content\/uploads\/2026\/03\/IMG-20260322-WA0070.jpg?fit=1200%2C1600&ssl=1","width":1200,"height":1600},{"@type":"BreadcrumbList","@id":"https:\/\/saknews.net\/ku\/?p=2754#breadcrumb","itemListElement":[{"@type":"ListItem","position":1,"name":"\u0627\u0644\u0631\u0626\u064a\u0633\u064a\u0629","item":"https:\/\/saknews.net\/ku\/"},{"@type":"ListItem","position":2,"name":"\u015eAK","item":"https:\/\/saknews.net\/ku\/?cat=1"},{"@type":"ListItem","position":3,"name":"Agir\u00ea Nowruz\u00ea li Bonn\u00ea\u2026 heb\u00fbna Kurdan r\u00eazan dike yek \u00fb soza azadiy\u00ea n\u00fb dike"}]},{"@type":"WebSite","@id":"https:\/\/saknews.net\/ku\/#website","url":"https:\/\/saknews.net\/ku\/","name":"S\u0327epe\u0302la Azadi\u0302 ya Kurdistani\u0302","description":"\u062a\u064a\u0627\u0631 \u0627\u0644\u062d\u0631\u064a\u0629 \u0627\u0644\u0643\u0648\u0631\u062f\u0633\u062a\u0627\u0646\u064a \u015eep\u00eala Azad\u00ee ya Kurdistan\u00ee","publisher":{"@id":"https:\/\/saknews.net\/ku\/#organization"},"potentialAction":[{"@type":"SearchAction","target":{"@type":"EntryPoint","urlTemplate":"https:\/\/saknews.net\/ku\/?s={search_term_string}"},"query-input":{"@type":"PropertyValueSpecification","valueRequired":true,"valueName":"search_term_string"}}],"inLanguage":"en-US"},{"@type":"Organization","@id":"https:\/\/saknews.net\/ku\/#organization","name":"\u015eep\u00eala Azadiy\u00ea ya Kurdistan\u00ea - \u062a\u064a\u0627\u0631 \u0627\u0644\u062d\u0631\u064a\u0629 \u0627\u0644\u0643\u0648\u0631\u062f\u0633\u062a\u0627\u0646\u064a","url":"https:\/\/saknews.net\/ku\/","logo":{"@type":"ImageObject","inLanguage":"en-US","@id":"https:\/\/saknews.net\/ku\/#\/schema\/logo\/image\/","url":"https:\/\/i0.wp.com\/saknews.net\/ku\/wp-content\/uploads\/2024\/11\/cropped-logo-1.png?fit=512%2C512&ssl=1","contentUrl":"https:\/\/i0.wp.com\/saknews.net\/ku\/wp-content\/uploads\/2024\/11\/cropped-logo-1.png?fit=512%2C512&ssl=1","width":512,"height":512,"caption":"\u015eep\u00eala Azadiy\u00ea ya Kurdistan\u00ea - \u062a\u064a\u0627\u0631 \u0627\u0644\u062d\u0631\u064a\u0629 \u0627\u0644\u0643\u0648\u0631\u062f\u0633\u062a\u0627\u0646\u064a"},"image":{"@id":"https:\/\/saknews.net\/ku\/#\/schema\/logo\/image\/"},"sameAs":["https:\/\/www.facebook.com\/Shepel.ewropa"]},{"@type":"Person","@id":"https:\/\/saknews.net\/ku\/#\/schema\/person\/72ae32a4041a3817e015b63d8f409058","name":"Horan Hem","url":"https:\/\/saknews.net\/ku\/?author=8"}]}},"featured_image_urls":{"full":["https:\/\/i0.wp.com\/saknews.net\/ku\/wp-content\/uploads\/2026\/03\/IMG-20260322-WA0070.jpg?fit=1200%2C1600&ssl=1",1200,1600,false],"thumbnail":["https:\/\/i0.wp.com\/saknews.net\/ku\/wp-content\/uploads\/2026\/03\/IMG-20260322-WA0070.jpg?resize=150%2C150&ssl=1",150,150,true],"medium":["https:\/\/i0.wp.com\/saknews.net\/ku\/wp-content\/uploads\/2026\/03\/IMG-20260322-WA0070.jpg?fit=225%2C300&ssl=1",225,300,true],"medium_large":["https:\/\/i0.wp.com\/saknews.net\/ku\/wp-content\/uploads\/2026\/03\/IMG-20260322-WA0070.jpg?fit=640%2C853&ssl=1",640,853,true],"large":["https:\/\/i0.wp.com\/saknews.net\/ku\/wp-content\/uploads\/2026\/03\/IMG-20260322-WA0070.jpg?fit=640%2C853&ssl=1",640,853,true],"1536x1536":["https:\/\/i0.wp.com\/saknews.net\/ku\/wp-content\/uploads\/2026\/03\/IMG-20260322-WA0070.jpg?fit=1152%2C1536&ssl=1",1152,1536,true],"2048x2048":["https:\/\/i0.wp.com\/saknews.net\/ku\/wp-content\/uploads\/2026\/03\/IMG-20260322-WA0070.jpg?fit=1200%2C1600&ssl=1",1200,1600,true],"covernews-featured":["https:\/\/i0.wp.com\/saknews.net\/ku\/wp-content\/uploads\/2026\/03\/IMG-20260322-WA0070.jpg?fit=1024%2C1365&ssl=1",1024,1365,true],"covernews-medium":["https:\/\/i0.wp.com\/saknews.net\/ku\/wp-content\/uploads\/2026\/03\/IMG-20260322-WA0070.jpg?resize=540%2C340&ssl=1",540,340,true]},"author_info":{"display_name":"Horan Hem","author_link":"https:\/\/saknews.net\/ku\/?author=8"},"category_info":"<a href=\"https:\/\/saknews.net\/ku\/?cat=1\" rel=\"category\">\u015eAK<\/a>","tag_info":"\u015eAK","comment_count":"0","_links":{"self":[{"href":"https:\/\/saknews.net\/ku\/index.php?rest_route=\/wp\/v2\/posts\/2754","targetHints":{"allow":["GET"]}}],"collection":[{"href":"https:\/\/saknews.net\/ku\/index.php?rest_route=\/wp\/v2\/posts"}],"about":[{"href":"https:\/\/saknews.net\/ku\/index.php?rest_route=\/wp\/v2\/types\/post"}],"author":[{"embeddable":true,"href":"https:\/\/saknews.net\/ku\/index.php?rest_route=\/wp\/v2\/users\/8"}],"replies":[{"embeddable":true,"href":"https:\/\/saknews.net\/ku\/index.php?rest_route=%2Fwp%2Fv2%2Fcomments&post=2754"}],"version-history":[{"count":1,"href":"https:\/\/saknews.net\/ku\/index.php?rest_route=\/wp\/v2\/posts\/2754\/revisions"}],"predecessor-version":[{"id":2758,"href":"https:\/\/saknews.net\/ku\/index.php?rest_route=\/wp\/v2\/posts\/2754\/revisions\/2758"}],"wp:featuredmedia":[{"embeddable":true,"href":"https:\/\/saknews.net\/ku\/index.php?rest_route=\/wp\/v2\/media\/2757"}],"wp:attachment":[{"href":"https:\/\/saknews.net\/ku\/index.php?rest_route=%2Fwp%2Fv2%2Fmedia&parent=2754"}],"wp:term":[{"taxonomy":"category","embeddable":true,"href":"https:\/\/saknews.net\/ku\/index.php?rest_route=%2Fwp%2Fv2%2Fcategories&post=2754"},{"taxonomy":"post_tag","embeddable":true,"href":"https:\/\/saknews.net\/ku\/index.php?rest_route=%2Fwp%2Fv2%2Ftags&post=2754"}],"curies":[{"name":"wp","href":"https:\/\/api.w.org\/{rel}","templated":true}]}}