{"id":2760,"date":"2026-03-28T19:25:00","date_gmt":"2026-03-28T19:25:00","guid":{"rendered":"https:\/\/saknews.net\/ku\/?p=2760"},"modified":"2026-03-28T19:25:00","modified_gmt":"2026-03-28T19:25:00","slug":"daxuyaniya-sermezarkirin-u-ji-aliye-sepela-azadi-ya-kurdistani-ve-hatiye-wesandin","status":"publish","type":"post","link":"https:\/\/saknews.net\/ku\/?p=2760","title":{"rendered":"Daxuyaniya \u015fermezarkirin \u00fb  Ji aliy\u00ea \u015fep\u00eala Azad\u00ee ya Kurdistan\u00ee ve hatiye we\u015fandin"},"content":{"rendered":"<p>\u015fep\u00eala Azad\u00ee ya Kurdistan\u00ee \u00ear\u00ee\u015fa s\u00fbc a li ser mala r\u00eazdar N\u00ea\u00e7\u00eervan Barzaniy\u00ea li Duhok\u00ea bi tund\u00ee \u015fermezar dike \u00fb w\u00ea wek\u00ee gurkirineke xeternak a li ser ewleh\u00ee \u00fb aramiya Her\u00eama Kurdistan\u00ea \u00fb saziy\u00ean w\u00ea y\u00ean dest\u00fbr\u00ee dib\u00eene.<\/p>\n<p>Ev \u00ear\u00ee\u015fa tirsonek hewldanek b\u00eah\u00eav\u00ee ye ji bo t\u00eakbirina aramiya siyas\u00ee \u00fb ewlehiy\u00ea \u00fb l\u00eadan li nirx\u00ean jiyana hevbe\u015f \u00fb a\u015ftiya siv\u00eel a ku gel\u00ea Kurdistan\u00ea j\u00ea hez dike. Ev bi tevah\u00ee nay\u00ea qeb\u00fblkirin \u00fb ji h\u00eala hem\u00ee p\u00eevan\u00ean netewey\u00ee \u00fb qan\u00fbn\u00ee ve t\u00ea \u015fermezarkirin.<\/p>\n<p>\u015fep\u00eala azad\u00ee pi\u015ftgiriya xwe ya tevah\u00ee ji bo serokatiya Her\u00eama Kurdistan\u00ea, hik\u00fbmet \u00fb h\u00eaz\u00ean ewlehiy\u00ea y\u00ean w\u00ea pi\u015ftrast dike \u00fb li dij\u00ee hem\u00ee gef\u00ean ku ewleh\u00ee \u00fb serweriya welat hedef digirin yek radiweste. Ew tekez dike ku p\u00eaw\u00eestiya r\u00fbbir\u00fbb\u00fbna bi biryardar\u00ee li hember hem\u00ee hewldan\u00ean b\u00ea\u00eest\u00eeqrarkirina her\u00eam\u00ea \u00fb \u00e7andina kaos\u00ea heye.<\/p>\n<p>\u015fep\u00eala azad\u00ee her wiha ji rayedar\u00ean t\u00eakildar daxwaz dike ku:<\/p>\n<p>L\u00eakol\u00eenek tavil\u00ea \u00fb zelal bikin da ku \u015fert \u00fb merc\u00ean v\u00ea \u00ear\u00ee\u015f\u00ea e\u015fkere bikin.<\/p>\n<p>S\u00fbcdar \u00fb kes\u00ean ku pi\u015ftgiriy\u00ea didin v\u00ea kiryara s\u00fbc diyar bikin.<\/p>\n<p>Hem\u00fb kes\u00ean t\u00eakildar b\u00eenin ber dadgeh\u00ea \u00fb li gor\u00ee qan\u00fbn\u00ea hesab bidin. \u015fep\u00eala Azad\u00ee ya Kurdistan\u00ee tekez dike ku gel\u00ea Kurdistan\u00ea, bi hem\u00fb cih\u00earengiya xwe, d\u00ea li hember teror\u00eezm \u00fb dijwar\u00eeyan yekgirt\u00ee bim\u00eene, pabend\u00ee ewleh\u00ee \u00fb aramiya xwe be, \u00fb bi israr li ser r\u00eaya p\u00ea\u015fkeftin \u00fb p\u00ea\u015fketin\u00ea berdewam bike.<\/p>\n<p>\u015fep\u00eala Azad\u00ee ya Kurdistan\u00ee<\/p>\n<p>D\u00eerok: 28\u00ea Adar\u00ea, 2026<\/p>\n","protected":false},"excerpt":{"rendered":"<p>\u015fep\u00eala Azad\u00ee ya Kurdistan\u00ee \u00ear\u00ee\u015fa s\u00fbc a li ser mala r\u00eazdar N\u00ea\u00e7\u00eervan Barzaniy\u00ea li Duhok\u00ea&#8230;<\/p>\n","protected":false},"author":8,"featured_media":2751,"comment_status":"closed","ping_status":"closed","sticky":false,"template":"","format":"standard","meta":{"footnotes":""},"categories":[34],"tags":[],"class_list":["post-2760","post","type-post","status-publish","format-standard","has-post-thumbnail","hentry","category-daxuyani"],"yoast_head":"<!-- This site is optimized with the Yoast SEO plugin v27.5 - https:\/\/yoast.com\/product\/yoast-seo-wordpress\/ -->\n<title>Daxuyaniya \u015fermezarkirin \u00fb Ji aliy\u00ea \u015fep\u00eala Azad\u00ee ya Kurdistan\u00ee ve hatiye we\u015fandin &#8226; \u015eAK<\/title>\n<meta name=\"robots\" content=\"index, follow, max-snippet:-1, max-image-preview:large, max-video-preview:-1\" \/>\n<link rel=\"canonical\" href=\"https:\/\/saknews.net\/ku\/?p=2760\" \/>\n<meta property=\"og:locale\" content=\"en_US\" \/>\n<meta property=\"og:type\" content=\"article\" \/>\n<meta property=\"og:title\" content=\"Daxuyaniya \u015fermezarkirin \u00fb Ji aliy\u00ea \u015fep\u00eala Azad\u00ee ya Kurdistan\u00ee ve hatiye we\u015fandin &#8226; \u015eAK\" \/>\n<meta property=\"og:description\" content=\"\u015fep\u00eala Azad\u00ee ya Kurdistan\u00ee \u00ear\u00ee\u015fa s\u00fbc a li ser mala r\u00eazdar N\u00ea\u00e7\u00eervan Barzaniy\u00ea li Duhok\u00ea...\" \/>\n<meta property=\"og:url\" content=\"https:\/\/saknews.net\/ku\/?p=2760\" \/>\n<meta property=\"og:site_name\" content=\"\u015eAK\" \/>\n<meta property=\"article:publisher\" content=\"https:\/\/www.facebook.com\/Shepel.ewropa\" \/>\n<meta property=\"article:published_time\" content=\"2026-03-28T19:25:00+00:00\" \/>\n<meta property=\"og:image\" content=\"https:\/\/saknews.net\/ku\/wp-content\/uploads\/2026\/03\/IMG-20260317-WA0042.jpg\" \/>\n\t<meta property=\"og:image:width\" content=\"1548\" \/>\n\t<meta property=\"og:image:height\" content=\"1600\" \/>\n\t<meta property=\"og:image:type\" content=\"image\/jpeg\" \/>\n<meta name=\"author\" content=\"Horan Hem\" \/>\n<meta name=\"twitter:card\" content=\"summary_large_image\" \/>\n<meta name=\"twitter:label1\" content=\"Written by\" \/>\n\t<meta name=\"twitter:data1\" content=\"Horan Hem\" \/>\n\t<meta name=\"twitter:label2\" content=\"Est. reading time\" \/>\n\t<meta name=\"twitter:data2\" content=\"2 minutes\" \/>\n<script type=\"application\/ld+json\" class=\"yoast-schema-graph\">{\"@context\":\"https:\\\/\\\/schema.org\",\"@graph\":[{\"@type\":\"Article\",\"@id\":\"https:\\\/\\\/saknews.net\\\/ku\\\/?p=2760#article\",\"isPartOf\":{\"@id\":\"https:\\\/\\\/saknews.net\\\/ku\\\/?p=2760\"},\"author\":{\"name\":\"Horan Hem\",\"@id\":\"https:\\\/\\\/saknews.net\\\/ku\\\/#\\\/schema\\\/person\\\/72ae32a4041a3817e015b63d8f409058\"},\"headline\":\"Daxuyaniya \u015fermezarkirin \u00fb Ji aliy\u00ea \u015fep\u00eala Azad\u00ee ya Kurdistan\u00ee ve hatiye we\u015fandin\",\"datePublished\":\"2026-03-28T19:25:00+00:00\",\"mainEntityOfPage\":{\"@id\":\"https:\\\/\\\/saknews.net\\\/ku\\\/?p=2760\"},\"wordCount\":284,\"publisher\":{\"@id\":\"https:\\\/\\\/saknews.net\\\/ku\\\/#organization\"},\"image\":{\"@id\":\"https:\\\/\\\/saknews.net\\\/ku\\\/?p=2760#primaryimage\"},\"thumbnailUrl\":\"https:\\\/\\\/i0.wp.com\\\/saknews.net\\\/ku\\\/wp-content\\\/uploads\\\/2026\\\/03\\\/IMG-20260317-WA0042.jpg?fit=1548%2C1600&ssl=1\",\"articleSection\":[\"Daxuyan\u00ee\"],\"inLanguage\":\"en-US\"},{\"@type\":\"WebPage\",\"@id\":\"https:\\\/\\\/saknews.net\\\/ku\\\/?p=2760\",\"url\":\"https:\\\/\\\/saknews.net\\\/ku\\\/?p=2760\",\"name\":\"Daxuyaniya \u015fermezarkirin \u00fb Ji aliy\u00ea \u015fep\u00eala Azad\u00ee ya Kurdistan\u00ee ve hatiye we\u015fandin &#8226; \u015eAK\",\"isPartOf\":{\"@id\":\"https:\\\/\\\/saknews.net\\\/ku\\\/#website\"},\"primaryImageOfPage\":{\"@id\":\"https:\\\/\\\/saknews.net\\\/ku\\\/?p=2760#primaryimage\"},\"image\":{\"@id\":\"https:\\\/\\\/saknews.net\\\/ku\\\/?p=2760#primaryimage\"},\"thumbnailUrl\":\"https:\\\/\\\/i0.wp.com\\\/saknews.net\\\/ku\\\/wp-content\\\/uploads\\\/2026\\\/03\\\/IMG-20260317-WA0042.jpg?fit=1548%2C1600&ssl=1\",\"datePublished\":\"2026-03-28T19:25:00+00:00\",\"breadcrumb\":{\"@id\":\"https:\\\/\\\/saknews.net\\\/ku\\\/?p=2760#breadcrumb\"},\"inLanguage\":\"en-US\",\"potentialAction\":[{\"@type\":\"ReadAction\",\"target\":[\"https:\\\/\\\/saknews.net\\\/ku\\\/?p=2760\"]}]},{\"@type\":\"ImageObject\",\"inLanguage\":\"en-US\",\"@id\":\"https:\\\/\\\/saknews.net\\\/ku\\\/?p=2760#primaryimage\",\"url\":\"https:\\\/\\\/i0.wp.com\\\/saknews.net\\\/ku\\\/wp-content\\\/uploads\\\/2026\\\/03\\\/IMG-20260317-WA0042.jpg?fit=1548%2C1600&ssl=1\",\"contentUrl\":\"https:\\\/\\\/i0.wp.com\\\/saknews.net\\\/ku\\\/wp-content\\\/uploads\\\/2026\\\/03\\\/IMG-20260317-WA0042.jpg?fit=1548%2C1600&ssl=1\",\"width\":1548,\"height\":1600},{\"@type\":\"BreadcrumbList\",\"@id\":\"https:\\\/\\\/saknews.net\\\/ku\\\/?p=2760#breadcrumb\",\"itemListElement\":[{\"@type\":\"ListItem\",\"position\":1,\"name\":\"\u0627\u0644\u0631\u0626\u064a\u0633\u064a\u0629\",\"item\":\"https:\\\/\\\/saknews.net\\\/ku\\\/\"},{\"@type\":\"ListItem\",\"position\":2,\"name\":\"N\u00fb\u00e7e\",\"item\":\"https:\\\/\\\/saknews.net\\\/ku\\\/?cat=49\"},{\"@type\":\"ListItem\",\"position\":3,\"name\":\"Daxuyan\u00ee\",\"item\":\"https:\\\/\\\/saknews.net\\\/ku\\\/?cat=34\"},{\"@type\":\"ListItem\",\"position\":4,\"name\":\"Daxuyaniya \u015fermezarkirin \u00fb Ji aliy\u00ea \u015fep\u00eala Azad\u00ee ya Kurdistan\u00ee ve hatiye we\u015fandin\"}]},{\"@type\":\"WebSite\",\"@id\":\"https:\\\/\\\/saknews.net\\\/ku\\\/#website\",\"url\":\"https:\\\/\\\/saknews.net\\\/ku\\\/\",\"name\":\"S\u0327epe\u0302la Azadi\u0302 ya Kurdistani\u0302\",\"description\":\"\u062a\u064a\u0627\u0631 \u0627\u0644\u062d\u0631\u064a\u0629 \u0627\u0644\u0643\u0648\u0631\u062f\u0633\u062a\u0627\u0646\u064a \u015eep\u00eala Azad\u00ee ya Kurdistan\u00ee\",\"publisher\":{\"@id\":\"https:\\\/\\\/saknews.net\\\/ku\\\/#organization\"},\"potentialAction\":[{\"@type\":\"SearchAction\",\"target\":{\"@type\":\"EntryPoint\",\"urlTemplate\":\"https:\\\/\\\/saknews.net\\\/ku\\\/?s={search_term_string}\"},\"query-input\":{\"@type\":\"PropertyValueSpecification\",\"valueRequired\":true,\"valueName\":\"search_term_string\"}}],\"inLanguage\":\"en-US\"},{\"@type\":\"Organization\",\"@id\":\"https:\\\/\\\/saknews.net\\\/ku\\\/#organization\",\"name\":\"\u015eep\u00eala Azadiy\u00ea ya Kurdistan\u00ea - \u062a\u064a\u0627\u0631 \u0627\u0644\u062d\u0631\u064a\u0629 \u0627\u0644\u0643\u0648\u0631\u062f\u0633\u062a\u0627\u0646\u064a\",\"url\":\"https:\\\/\\\/saknews.net\\\/ku\\\/\",\"logo\":{\"@type\":\"ImageObject\",\"inLanguage\":\"en-US\",\"@id\":\"https:\\\/\\\/saknews.net\\\/ku\\\/#\\\/schema\\\/logo\\\/image\\\/\",\"url\":\"https:\\\/\\\/i0.wp.com\\\/saknews.net\\\/ku\\\/wp-content\\\/uploads\\\/2024\\\/11\\\/cropped-logo-1.png?fit=512%2C512&ssl=1\",\"contentUrl\":\"https:\\\/\\\/i0.wp.com\\\/saknews.net\\\/ku\\\/wp-content\\\/uploads\\\/2024\\\/11\\\/cropped-logo-1.png?fit=512%2C512&ssl=1\",\"width\":512,\"height\":512,\"caption\":\"\u015eep\u00eala Azadiy\u00ea ya Kurdistan\u00ea - \u062a\u064a\u0627\u0631 \u0627\u0644\u062d\u0631\u064a\u0629 \u0627\u0644\u0643\u0648\u0631\u062f\u0633\u062a\u0627\u0646\u064a\"},\"image\":{\"@id\":\"https:\\\/\\\/saknews.net\\\/ku\\\/#\\\/schema\\\/logo\\\/image\\\/\"},\"sameAs\":[\"https:\\\/\\\/www.facebook.com\\\/Shepel.ewropa\"]},{\"@type\":\"Person\",\"@id\":\"https:\\\/\\\/saknews.net\\\/ku\\\/#\\\/schema\\\/person\\\/72ae32a4041a3817e015b63d8f409058\",\"name\":\"Horan Hem\",\"url\":\"https:\\\/\\\/saknews.net\\\/ku\\\/?author=8\"}]}<\/script>\n<!-- \/ Yoast SEO plugin. -->","yoast_head_json":{"title":"Daxuyaniya \u015fermezarkirin \u00fb Ji aliy\u00ea \u015fep\u00eala Azad\u00ee ya Kurdistan\u00ee ve hatiye we\u015fandin &#8226; \u015eAK","robots":{"index":"index","follow":"follow","max-snippet":"max-snippet:-1","max-image-preview":"max-image-preview:large","max-video-preview":"max-video-preview:-1"},"canonical":"https:\/\/saknews.net\/ku\/?p=2760","og_locale":"en_US","og_type":"article","og_title":"Daxuyaniya \u015fermezarkirin \u00fb Ji aliy\u00ea \u015fep\u00eala Azad\u00ee ya Kurdistan\u00ee ve hatiye we\u015fandin &#8226; \u015eAK","og_description":"\u015fep\u00eala Azad\u00ee ya Kurdistan\u00ee \u00ear\u00ee\u015fa s\u00fbc a li ser mala r\u00eazdar N\u00ea\u00e7\u00eervan Barzaniy\u00ea li Duhok\u00ea...","og_url":"https:\/\/saknews.net\/ku\/?p=2760","og_site_name":"\u015eAK","article_publisher":"https:\/\/www.facebook.com\/Shepel.ewropa","article_published_time":"2026-03-28T19:25:00+00:00","og_image":[{"width":1548,"height":1600,"url":"https:\/\/saknews.net\/ku\/wp-content\/uploads\/2026\/03\/IMG-20260317-WA0042.jpg","type":"image\/jpeg"}],"author":"Horan Hem","twitter_card":"summary_large_image","twitter_misc":{"Written by":"Horan Hem","Est. reading time":"2 minutes"},"schema":{"@context":"https:\/\/schema.org","@graph":[{"@type":"Article","@id":"https:\/\/saknews.net\/ku\/?p=2760#article","isPartOf":{"@id":"https:\/\/saknews.net\/ku\/?p=2760"},"author":{"name":"Horan Hem","@id":"https:\/\/saknews.net\/ku\/#\/schema\/person\/72ae32a4041a3817e015b63d8f409058"},"headline":"Daxuyaniya \u015fermezarkirin \u00fb Ji aliy\u00ea \u015fep\u00eala Azad\u00ee ya Kurdistan\u00ee ve hatiye we\u015fandin","datePublished":"2026-03-28T19:25:00+00:00","mainEntityOfPage":{"@id":"https:\/\/saknews.net\/ku\/?p=2760"},"wordCount":284,"publisher":{"@id":"https:\/\/saknews.net\/ku\/#organization"},"image":{"@id":"https:\/\/saknews.net\/ku\/?p=2760#primaryimage"},"thumbnailUrl":"https:\/\/i0.wp.com\/saknews.net\/ku\/wp-content\/uploads\/2026\/03\/IMG-20260317-WA0042.jpg?fit=1548%2C1600&ssl=1","articleSection":["Daxuyan\u00ee"],"inLanguage":"en-US"},{"@type":"WebPage","@id":"https:\/\/saknews.net\/ku\/?p=2760","url":"https:\/\/saknews.net\/ku\/?p=2760","name":"Daxuyaniya \u015fermezarkirin \u00fb Ji aliy\u00ea \u015fep\u00eala Azad\u00ee ya Kurdistan\u00ee ve hatiye we\u015fandin &#8226; \u015eAK","isPartOf":{"@id":"https:\/\/saknews.net\/ku\/#website"},"primaryImageOfPage":{"@id":"https:\/\/saknews.net\/ku\/?p=2760#primaryimage"},"image":{"@id":"https:\/\/saknews.net\/ku\/?p=2760#primaryimage"},"thumbnailUrl":"https:\/\/i0.wp.com\/saknews.net\/ku\/wp-content\/uploads\/2026\/03\/IMG-20260317-WA0042.jpg?fit=1548%2C1600&ssl=1","datePublished":"2026-03-28T19:25:00+00:00","breadcrumb":{"@id":"https:\/\/saknews.net\/ku\/?p=2760#breadcrumb"},"inLanguage":"en-US","potentialAction":[{"@type":"ReadAction","target":["https:\/\/saknews.net\/ku\/?p=2760"]}]},{"@type":"ImageObject","inLanguage":"en-US","@id":"https:\/\/saknews.net\/ku\/?p=2760#primaryimage","url":"https:\/\/i0.wp.com\/saknews.net\/ku\/wp-content\/uploads\/2026\/03\/IMG-20260317-WA0042.jpg?fit=1548%2C1600&ssl=1","contentUrl":"https:\/\/i0.wp.com\/saknews.net\/ku\/wp-content\/uploads\/2026\/03\/IMG-20260317-WA0042.jpg?fit=1548%2C1600&ssl=1","width":1548,"height":1600},{"@type":"BreadcrumbList","@id":"https:\/\/saknews.net\/ku\/?p=2760#breadcrumb","itemListElement":[{"@type":"ListItem","position":1,"name":"\u0627\u0644\u0631\u0626\u064a\u0633\u064a\u0629","item":"https:\/\/saknews.net\/ku\/"},{"@type":"ListItem","position":2,"name":"N\u00fb\u00e7e","item":"https:\/\/saknews.net\/ku\/?cat=49"},{"@type":"ListItem","position":3,"name":"Daxuyan\u00ee","item":"https:\/\/saknews.net\/ku\/?cat=34"},{"@type":"ListItem","position":4,"name":"Daxuyaniya \u015fermezarkirin \u00fb Ji aliy\u00ea \u015fep\u00eala Azad\u00ee ya Kurdistan\u00ee ve hatiye we\u015fandin"}]},{"@type":"WebSite","@id":"https:\/\/saknews.net\/ku\/#website","url":"https:\/\/saknews.net\/ku\/","name":"S\u0327epe\u0302la Azadi\u0302 ya Kurdistani\u0302","description":"\u062a\u064a\u0627\u0631 \u0627\u0644\u062d\u0631\u064a\u0629 \u0627\u0644\u0643\u0648\u0631\u062f\u0633\u062a\u0627\u0646\u064a \u015eep\u00eala Azad\u00ee ya Kurdistan\u00ee","publisher":{"@id":"https:\/\/saknews.net\/ku\/#organization"},"potentialAction":[{"@type":"SearchAction","target":{"@type":"EntryPoint","urlTemplate":"https:\/\/saknews.net\/ku\/?s={search_term_string}"},"query-input":{"@type":"PropertyValueSpecification","valueRequired":true,"valueName":"search_term_string"}}],"inLanguage":"en-US"},{"@type":"Organization","@id":"https:\/\/saknews.net\/ku\/#organization","name":"\u015eep\u00eala Azadiy\u00ea ya Kurdistan\u00ea - \u062a\u064a\u0627\u0631 \u0627\u0644\u062d\u0631\u064a\u0629 \u0627\u0644\u0643\u0648\u0631\u062f\u0633\u062a\u0627\u0646\u064a","url":"https:\/\/saknews.net\/ku\/","logo":{"@type":"ImageObject","inLanguage":"en-US","@id":"https:\/\/saknews.net\/ku\/#\/schema\/logo\/image\/","url":"https:\/\/i0.wp.com\/saknews.net\/ku\/wp-content\/uploads\/2024\/11\/cropped-logo-1.png?fit=512%2C512&ssl=1","contentUrl":"https:\/\/i0.wp.com\/saknews.net\/ku\/wp-content\/uploads\/2024\/11\/cropped-logo-1.png?fit=512%2C512&ssl=1","width":512,"height":512,"caption":"\u015eep\u00eala Azadiy\u00ea ya Kurdistan\u00ea - \u062a\u064a\u0627\u0631 \u0627\u0644\u062d\u0631\u064a\u0629 \u0627\u0644\u0643\u0648\u0631\u062f\u0633\u062a\u0627\u0646\u064a"},"image":{"@id":"https:\/\/saknews.net\/ku\/#\/schema\/logo\/image\/"},"sameAs":["https:\/\/www.facebook.com\/Shepel.ewropa"]},{"@type":"Person","@id":"https:\/\/saknews.net\/ku\/#\/schema\/person\/72ae32a4041a3817e015b63d8f409058","name":"Horan Hem","url":"https:\/\/saknews.net\/ku\/?author=8"}]}},"featured_image_urls":{"full":["https:\/\/i0.wp.com\/saknews.net\/ku\/wp-content\/uploads\/2026\/03\/IMG-20260317-WA0042.jpg?fit=1548%2C1600&ssl=1",1548,1600,false],"thumbnail":["https:\/\/i0.wp.com\/saknews.net\/ku\/wp-content\/uploads\/2026\/03\/IMG-20260317-WA0042.jpg?resize=150%2C150&ssl=1",150,150,true],"medium":["https:\/\/i0.wp.com\/saknews.net\/ku\/wp-content\/uploads\/2026\/03\/IMG-20260317-WA0042.jpg?fit=290%2C300&ssl=1",290,300,true],"medium_large":["https:\/\/i0.wp.com\/saknews.net\/ku\/wp-content\/uploads\/2026\/03\/IMG-20260317-WA0042.jpg?fit=640%2C662&ssl=1",640,662,true],"large":["https:\/\/i0.wp.com\/saknews.net\/ku\/wp-content\/uploads\/2026\/03\/IMG-20260317-WA0042.jpg?fit=640%2C661&ssl=1",640,661,true],"1536x1536":["https:\/\/i0.wp.com\/saknews.net\/ku\/wp-content\/uploads\/2026\/03\/IMG-20260317-WA0042.jpg?fit=1486%2C1536&ssl=1",1486,1536,true],"2048x2048":["https:\/\/i0.wp.com\/saknews.net\/ku\/wp-content\/uploads\/2026\/03\/IMG-20260317-WA0042.jpg?fit=1548%2C1600&ssl=1",1548,1600,true],"covernews-featured":["https:\/\/i0.wp.com\/saknews.net\/ku\/wp-content\/uploads\/2026\/03\/IMG-20260317-WA0042.jpg?fit=1024%2C1058&ssl=1",1024,1058,true],"covernews-medium":["https:\/\/i0.wp.com\/saknews.net\/ku\/wp-content\/uploads\/2026\/03\/IMG-20260317-WA0042.jpg?resize=540%2C340&ssl=1",540,340,true]},"author_info":{"display_name":"Horan Hem","author_link":"https:\/\/saknews.net\/ku\/?author=8"},"category_info":"<a href=\"https:\/\/saknews.net\/ku\/?cat=34\" rel=\"category\">Daxuyan\u00ee<\/a>","tag_info":"Daxuyan\u00ee","comment_count":"0","_links":{"self":[{"href":"https:\/\/saknews.net\/ku\/index.php?rest_route=\/wp\/v2\/posts\/2760","targetHints":{"allow":["GET"]}}],"collection":[{"href":"https:\/\/saknews.net\/ku\/index.php?rest_route=\/wp\/v2\/posts"}],"about":[{"href":"https:\/\/saknews.net\/ku\/index.php?rest_route=\/wp\/v2\/types\/post"}],"author":[{"embeddable":true,"href":"https:\/\/saknews.net\/ku\/index.php?rest_route=\/wp\/v2\/users\/8"}],"replies":[{"embeddable":true,"href":"https:\/\/saknews.net\/ku\/index.php?rest_route=%2Fwp%2Fv2%2Fcomments&post=2760"}],"version-history":[{"count":1,"href":"https:\/\/saknews.net\/ku\/index.php?rest_route=\/wp\/v2\/posts\/2760\/revisions"}],"predecessor-version":[{"id":2761,"href":"https:\/\/saknews.net\/ku\/index.php?rest_route=\/wp\/v2\/posts\/2760\/revisions\/2761"}],"wp:featuredmedia":[{"embeddable":true,"href":"https:\/\/saknews.net\/ku\/index.php?rest_route=\/wp\/v2\/media\/2751"}],"wp:attachment":[{"href":"https:\/\/saknews.net\/ku\/index.php?rest_route=%2Fwp%2Fv2%2Fmedia&parent=2760"}],"wp:term":[{"taxonomy":"category","embeddable":true,"href":"https:\/\/saknews.net\/ku\/index.php?rest_route=%2Fwp%2Fv2%2Fcategories&post=2760"},{"taxonomy":"post_tag","embeddable":true,"href":"https:\/\/saknews.net\/ku\/index.php?rest_route=%2Fwp%2Fv2%2Ftags&post=2760"}],"curies":[{"name":"wp","href":"https:\/\/api.w.org\/{rel}","templated":true}]}}