{"id":2764,"date":"2026-04-22T16:31:35","date_gmt":"2026-04-22T16:31:35","guid":{"rendered":"https:\/\/saknews.net\/ku\/?p=2764"},"modified":"2026-04-22T16:31:35","modified_gmt":"2026-04-22T16:31:35","slug":"daxuyaniyek-bi-boneya-roja-rojnamegeriya-kurdi","status":"publish","type":"post","link":"https:\/\/saknews.net\/ku\/?p=2764","title":{"rendered":"Daxuyan\u00eeyek bi boneya Roja Rojnamegeriya Kurd\u00ee"},"content":{"rendered":"<p>Her sal di 22\u00ea N\u00eesan\u00ea de, gel\u00ea me y\u00ea Kurd yek ji k\u00ealiy\u00ean her\u00ee gir\u00eeng \u00ean t\u00eako\u015f\u00een \u00fb d\u00eeroka xwe ya \u00e7and\u00ee bi b\u00eer t\u00eene: we\u015fandina rojnameya yekem a Kurd\u00ee, &#8220;Kurdistan&#8221;, di sala 1898an de ji aliy\u00ea p\u00ea\u015feng Miqdad Midhet Bedirxan ve ji sirg\u00fbniya li Qah\u00eerey\u00ea. Di w\u00ea dem\u00ea de, peyva niv\u00eesk\u00ee bi xwe \u00e7alakiyek berxwedan\u00ea b\u00fb, \u00e7ekek li dij\u00ee marj\u00eenal\u00eezekirin \u00fb \u00eenkar\u00ea b\u00fb.<\/p>\n<p>&nbsp;<\/p>\n<p>Ev salveger, ku niha di sala xwe ya 128an de ye, ne ten\u00ea b\u00fbyerek d\u00eerok\u00ee ye, l\u00ea \u00eefadeyek k\u00fbr a d\u00eerokek dir\u00eaj a t\u00eako\u015f\u00een\u00ea bi r\u00eaya peyva niv\u00eesk\u00ee ye. Ji destp\u00eaka xwe ve, rojnamegeriya Kurd\u00ee bi fikar\u00ean netewey\u00ee ve gir\u00eaday\u00ee ye, wek\u00ee dengek ji bo rastiy\u00ea li dij\u00ee zilm\u00ea, platformek ji bo parastina maf\u00ean netewey\u00ee, \u00fb am\u00fbrek ji bo parastina nasname \u00fb ziman di dem\u00ean her\u00ee tar\u00ee de xizmet kiriye. Malbata Bedirxan, bi taybet\u00ee Miqdad Midhet Bedirxan \u00fb biray\u00ean w\u00ee, modelek p\u00ea\u015feng di gir\u00eadana t\u00eako\u015f\u00eena siyas\u00ee bi xebata rojnamegeriy\u00ea de n\u00ee\u015fan dan. Rojnameya wan, &#8220;Kurdistan&#8221;, di navbera Qah\u00eere, Cenevre \u00fb London\u00ea de digeriya, di bin \u015fert \u00fb merc\u00ean sirg\u00fbn \u00fb zilm\u00ea de dixebit\u00ee, \u00fb pi\u015ftrast dikir ku peyva azad s\u00eenoran nas nake \u00fb \u00eeradeya Kurd dikare ji qedexeyan xilas bibe \u00fb am\u00fbr\u00ean xwe y\u00ean t\u00eako\u015f\u00een\u00ea n\u00fbjen bike.<\/p>\n<p>&nbsp;<\/p>\n<p>Z\u00eadetir\u00ee sedsalek\u00ea, rojnamegeriya Kurd\u00ee ne ten\u00ea p\u00ee\u015feyek b\u00fb, l\u00ea be\u015fek yekgirt\u00ee ya tevgera rizgariya netewey\u00ee b\u00fb. Gelek \u00e7alakvan ne\u00e7ar man ku bi ziman\u00ea xwe y\u00ea dayik\u00ea \u00fb gelek ziman\u00ean din, b\u00eay\u00ee gih\u00ee\u015ftina saziy\u00ean akadem\u00eek an j\u00ee binesaziya medyay\u00ea ya p\u00ea\u015fkeft\u00ee, be\u015fdar\u00ee xebata medyay\u00ea ya ve\u015fart\u00ee \u00fb e\u015fkere bibin. Bi v\u00ea yek\u00ea, wan t\u00eako\u015f\u00eenek b\u00eahempa dan destp\u00eakirin ku t\u00ea de gotin \u00fb kirin, raman \u00fb \u00e7alak\u00ee bi hev ve gir\u00eaday\u00ee b\u00fbn.<\/p>\n<p>&nbsp;<\/p>\n<p>Bi v\u00ea boney\u00ea, em nikarin rojnamevan\u00ean Kurd \u00ean ku ji bo ragihandina rastiy\u00ea bedel\u00ean giran dane, di nav de Ferhad Hemo, n\u00fb\u00e7egihan\u00ea Rudaw TV, \u00fb hem\u00ee rojnamevan\u00ean ku winda b\u00fbne an hatine revandin, ku \u00e7aren\u00fbsa wan heta \u00eero nay\u00ea zan\u00een, bi b\u00eer neynin. Em, di \u015fep\u00eala Azad\u00ee ya Kurdistan\u00ee de, bi lezg\u00een daxwaz dikin ku hem\u00ee rayedar\u00ean t\u00eakildar \u00e7aren\u00fbsa rojnamevan Ferhad Hemo \u00fb hem\u00ee kes\u00ean ku winda b\u00fbne e\u015fkere bikin, \u00fb ku ew berpirsiyariy\u00ean xwe y\u00ean qan\u00fbn\u00ee \u00fb mirov\u00ee ji bo parastina rojnamevanan \u00fb misogerkirina ewlehiya wan bic\u00eeh b\u00eenin. Armancgirtina rojnamevanan \u00ear\u00ee\u015feke rasterast li ser azadiya derbir\u00een\u00ea \u00fb maf\u00ea gelan \u00ea zan\u00een\u00ea ye.<\/p>\n<p>&nbsp;<\/p>\n<p>Em her wiha tekez dikin ku p\u00eadiv\u00ee ye medyaya Kurd\u00ee p\u00ea\u015f bikeve da ku bi veguher\u00een\u00ean hey\u00ee re hevaheng be, ji dabe\u015fb\u00fbn\u00ean teng \u00ean part\u00eezan\u00ee derbas bibe \u00fb bibe platformek netewey\u00ee ya yekgirt\u00ee ku xwestek\u00ean gel\u00ea me n\u00ee\u015fan dide, \u00e7anda diyalog \u00fb demokrasiy\u00ea p\u00ea\u015f dixe \u00fb li hember kampanyay\u00ean dezenformasyon \u00fb tahr\u00eefkirin\u00ea y\u00ean ku armanca me hedef digirin, bisekine.<\/p>\n<p>&nbsp;<\/p>\n<p>Em bang dikin ku pi\u015ftgir\u00ee bidin rojnamevan\u00ean Kurd, azad\u00ee \u00fb serxweb\u00fbna wan bipar\u00eazin \u00fb ji bo avakirina saziy\u00ean medyay\u00ea y\u00ean profesyonel li ser bingeha standard\u00ean n\u00fbjen bixebitin, b\u00eay\u00ee ku nasnameya netewey\u00ee \u00fb m\u00eesyona d\u00eerok\u00ee ya rojnamegeriya Kurd\u00ee taw\u00eez bidin.<\/p>\n<p>&nbsp;<\/p>\n<p>Di v\u00ea salveger\u00ea de, em soza xwe n\u00fb dikin ku deng\u00ean Kurd d\u00ea azad, berpirsiyar \u00fb pabend\u00ee pirsgir\u00eak\u00ean gel\u00ea me bim\u00eenin, \u00fb rojnameger\u00ee d\u00ea di \u015fer\u00ea hi\u015fmend\u00ee, azad\u00ee \u00fb r\u00fbmet\u00ea de xeta p\u00ea\u015f\u00een be. R\u00fbmet ji p\u00ea\u015feng\u00ean rojnamegeriya Kurd\u00ee re<\/p>\n<p>Azad\u00ee ji gel\u00ea me y\u00ea Kurd re<\/p>\n<p>\u00db jiyana herhey\u00ee ji \u015feh\u00eedan re<\/p>\n<p>\u015fep\u00eala Azad\u00ee ya Kurdistan\u00ee<\/p>\n<p>22\u00ea N\u00eesana 2026<\/p>\n","protected":false},"excerpt":{"rendered":"<p>Her sal di 22\u00ea N\u00eesan\u00ea de, gel\u00ea me y\u00ea Kurd yek ji k\u00ealiy\u00ean her\u00ee gir\u00eeng&#8230;<\/p>\n","protected":false},"author":8,"featured_media":2765,"comment_status":"closed","ping_status":"closed","sticky":false,"template":"","format":"standard","meta":{"footnotes":""},"categories":[34],"tags":[],"class_list":["post-2764","post","type-post","status-publish","format-standard","has-post-thumbnail","hentry","category-daxuyani"],"yoast_head":"<!-- This site is optimized with the Yoast SEO plugin v27.5 - https:\/\/yoast.com\/product\/yoast-seo-wordpress\/ -->\n<title>Daxuyan\u00eeyek bi boneya Roja Rojnamegeriya Kurd\u00ee &#8226; \u015eAK<\/title>\n<meta name=\"robots\" content=\"index, follow, max-snippet:-1, max-image-preview:large, max-video-preview:-1\" \/>\n<link rel=\"canonical\" href=\"https:\/\/saknews.net\/ku\/?p=2764\" \/>\n<meta property=\"og:locale\" content=\"en_US\" \/>\n<meta property=\"og:type\" content=\"article\" \/>\n<meta property=\"og:title\" content=\"Daxuyan\u00eeyek bi boneya Roja Rojnamegeriya Kurd\u00ee &#8226; \u015eAK\" \/>\n<meta property=\"og:description\" content=\"Her sal di 22\u00ea N\u00eesan\u00ea de, gel\u00ea me y\u00ea Kurd yek ji k\u00ealiy\u00ean her\u00ee gir\u00eeng...\" \/>\n<meta property=\"og:url\" content=\"https:\/\/saknews.net\/ku\/?p=2764\" \/>\n<meta property=\"og:site_name\" content=\"\u015eAK\" \/>\n<meta property=\"article:publisher\" content=\"https:\/\/www.facebook.com\/Shepel.ewropa\" \/>\n<meta property=\"article:published_time\" content=\"2026-04-22T16:31:35+00:00\" \/>\n<meta property=\"og:image\" content=\"https:\/\/saknews.net\/ku\/wp-content\/uploads\/2026\/04\/IMG-20260422-WA0062.jpg\" \/>\n\t<meta property=\"og:image:width\" content=\"1280\" \/>\n\t<meta property=\"og:image:height\" content=\"893\" \/>\n\t<meta property=\"og:image:type\" content=\"image\/jpeg\" \/>\n<meta name=\"author\" content=\"Horan Hem\" \/>\n<meta name=\"twitter:card\" content=\"summary_large_image\" \/>\n<meta name=\"twitter:label1\" content=\"Written by\" \/>\n\t<meta name=\"twitter:data1\" content=\"Horan Hem\" \/>\n\t<meta name=\"twitter:label2\" content=\"Est. reading time\" \/>\n\t<meta name=\"twitter:data2\" content=\"3 minutes\" \/>\n<script type=\"application\/ld+json\" class=\"yoast-schema-graph\">{\"@context\":\"https:\\\/\\\/schema.org\",\"@graph\":[{\"@type\":\"Article\",\"@id\":\"https:\\\/\\\/saknews.net\\\/ku\\\/?p=2764#article\",\"isPartOf\":{\"@id\":\"https:\\\/\\\/saknews.net\\\/ku\\\/?p=2764\"},\"author\":{\"name\":\"Horan Hem\",\"@id\":\"https:\\\/\\\/saknews.net\\\/ku\\\/#\\\/schema\\\/person\\\/72ae32a4041a3817e015b63d8f409058\"},\"headline\":\"Daxuyan\u00eeyek bi boneya Roja Rojnamegeriya Kurd\u00ee\",\"datePublished\":\"2026-04-22T16:31:35+00:00\",\"mainEntityOfPage\":{\"@id\":\"https:\\\/\\\/saknews.net\\\/ku\\\/?p=2764\"},\"wordCount\":637,\"publisher\":{\"@id\":\"https:\\\/\\\/saknews.net\\\/ku\\\/#organization\"},\"image\":{\"@id\":\"https:\\\/\\\/saknews.net\\\/ku\\\/?p=2764#primaryimage\"},\"thumbnailUrl\":\"https:\\\/\\\/i0.wp.com\\\/saknews.net\\\/ku\\\/wp-content\\\/uploads\\\/2026\\\/04\\\/IMG-20260422-WA0062.jpg?fit=1280%2C893&ssl=1\",\"articleSection\":[\"Daxuyan\u00ee\"],\"inLanguage\":\"en-US\"},{\"@type\":\"WebPage\",\"@id\":\"https:\\\/\\\/saknews.net\\\/ku\\\/?p=2764\",\"url\":\"https:\\\/\\\/saknews.net\\\/ku\\\/?p=2764\",\"name\":\"Daxuyan\u00eeyek bi boneya Roja Rojnamegeriya Kurd\u00ee &#8226; \u015eAK\",\"isPartOf\":{\"@id\":\"https:\\\/\\\/saknews.net\\\/ku\\\/#website\"},\"primaryImageOfPage\":{\"@id\":\"https:\\\/\\\/saknews.net\\\/ku\\\/?p=2764#primaryimage\"},\"image\":{\"@id\":\"https:\\\/\\\/saknews.net\\\/ku\\\/?p=2764#primaryimage\"},\"thumbnailUrl\":\"https:\\\/\\\/i0.wp.com\\\/saknews.net\\\/ku\\\/wp-content\\\/uploads\\\/2026\\\/04\\\/IMG-20260422-WA0062.jpg?fit=1280%2C893&ssl=1\",\"datePublished\":\"2026-04-22T16:31:35+00:00\",\"breadcrumb\":{\"@id\":\"https:\\\/\\\/saknews.net\\\/ku\\\/?p=2764#breadcrumb\"},\"inLanguage\":\"en-US\",\"potentialAction\":[{\"@type\":\"ReadAction\",\"target\":[\"https:\\\/\\\/saknews.net\\\/ku\\\/?p=2764\"]}]},{\"@type\":\"ImageObject\",\"inLanguage\":\"en-US\",\"@id\":\"https:\\\/\\\/saknews.net\\\/ku\\\/?p=2764#primaryimage\",\"url\":\"https:\\\/\\\/i0.wp.com\\\/saknews.net\\\/ku\\\/wp-content\\\/uploads\\\/2026\\\/04\\\/IMG-20260422-WA0062.jpg?fit=1280%2C893&ssl=1\",\"contentUrl\":\"https:\\\/\\\/i0.wp.com\\\/saknews.net\\\/ku\\\/wp-content\\\/uploads\\\/2026\\\/04\\\/IMG-20260422-WA0062.jpg?fit=1280%2C893&ssl=1\",\"width\":1280,\"height\":893},{\"@type\":\"BreadcrumbList\",\"@id\":\"https:\\\/\\\/saknews.net\\\/ku\\\/?p=2764#breadcrumb\",\"itemListElement\":[{\"@type\":\"ListItem\",\"position\":1,\"name\":\"\u0627\u0644\u0631\u0626\u064a\u0633\u064a\u0629\",\"item\":\"https:\\\/\\\/saknews.net\\\/ku\\\/\"},{\"@type\":\"ListItem\",\"position\":2,\"name\":\"N\u00fb\u00e7e\",\"item\":\"https:\\\/\\\/saknews.net\\\/ku\\\/?cat=49\"},{\"@type\":\"ListItem\",\"position\":3,\"name\":\"Daxuyan\u00ee\",\"item\":\"https:\\\/\\\/saknews.net\\\/ku\\\/?cat=34\"},{\"@type\":\"ListItem\",\"position\":4,\"name\":\"Daxuyan\u00eeyek bi boneya Roja Rojnamegeriya Kurd\u00ee\"}]},{\"@type\":\"WebSite\",\"@id\":\"https:\\\/\\\/saknews.net\\\/ku\\\/#website\",\"url\":\"https:\\\/\\\/saknews.net\\\/ku\\\/\",\"name\":\"S\u0327epe\u0302la Azadi\u0302 ya Kurdistani\u0302\",\"description\":\"\u062a\u064a\u0627\u0631 \u0627\u0644\u062d\u0631\u064a\u0629 \u0627\u0644\u0643\u0648\u0631\u062f\u0633\u062a\u0627\u0646\u064a \u015eep\u00eala Azad\u00ee ya Kurdistan\u00ee\",\"publisher\":{\"@id\":\"https:\\\/\\\/saknews.net\\\/ku\\\/#organization\"},\"potentialAction\":[{\"@type\":\"SearchAction\",\"target\":{\"@type\":\"EntryPoint\",\"urlTemplate\":\"https:\\\/\\\/saknews.net\\\/ku\\\/?s={search_term_string}\"},\"query-input\":{\"@type\":\"PropertyValueSpecification\",\"valueRequired\":true,\"valueName\":\"search_term_string\"}}],\"inLanguage\":\"en-US\"},{\"@type\":\"Organization\",\"@id\":\"https:\\\/\\\/saknews.net\\\/ku\\\/#organization\",\"name\":\"\u015eep\u00eala Azadiy\u00ea ya Kurdistan\u00ea - \u062a\u064a\u0627\u0631 \u0627\u0644\u062d\u0631\u064a\u0629 \u0627\u0644\u0643\u0648\u0631\u062f\u0633\u062a\u0627\u0646\u064a\",\"url\":\"https:\\\/\\\/saknews.net\\\/ku\\\/\",\"logo\":{\"@type\":\"ImageObject\",\"inLanguage\":\"en-US\",\"@id\":\"https:\\\/\\\/saknews.net\\\/ku\\\/#\\\/schema\\\/logo\\\/image\\\/\",\"url\":\"https:\\\/\\\/i0.wp.com\\\/saknews.net\\\/ku\\\/wp-content\\\/uploads\\\/2024\\\/11\\\/cropped-logo-1.png?fit=512%2C512&ssl=1\",\"contentUrl\":\"https:\\\/\\\/i0.wp.com\\\/saknews.net\\\/ku\\\/wp-content\\\/uploads\\\/2024\\\/11\\\/cropped-logo-1.png?fit=512%2C512&ssl=1\",\"width\":512,\"height\":512,\"caption\":\"\u015eep\u00eala Azadiy\u00ea ya Kurdistan\u00ea - \u062a\u064a\u0627\u0631 \u0627\u0644\u062d\u0631\u064a\u0629 \u0627\u0644\u0643\u0648\u0631\u062f\u0633\u062a\u0627\u0646\u064a\"},\"image\":{\"@id\":\"https:\\\/\\\/saknews.net\\\/ku\\\/#\\\/schema\\\/logo\\\/image\\\/\"},\"sameAs\":[\"https:\\\/\\\/www.facebook.com\\\/Shepel.ewropa\"]},{\"@type\":\"Person\",\"@id\":\"https:\\\/\\\/saknews.net\\\/ku\\\/#\\\/schema\\\/person\\\/72ae32a4041a3817e015b63d8f409058\",\"name\":\"Horan Hem\",\"url\":\"https:\\\/\\\/saknews.net\\\/ku\\\/?author=8\"}]}<\/script>\n<!-- \/ Yoast SEO plugin. -->","yoast_head_json":{"title":"Daxuyan\u00eeyek bi boneya Roja Rojnamegeriya Kurd\u00ee &#8226; \u015eAK","robots":{"index":"index","follow":"follow","max-snippet":"max-snippet:-1","max-image-preview":"max-image-preview:large","max-video-preview":"max-video-preview:-1"},"canonical":"https:\/\/saknews.net\/ku\/?p=2764","og_locale":"en_US","og_type":"article","og_title":"Daxuyan\u00eeyek bi boneya Roja Rojnamegeriya Kurd\u00ee &#8226; \u015eAK","og_description":"Her sal di 22\u00ea N\u00eesan\u00ea de, gel\u00ea me y\u00ea Kurd yek ji k\u00ealiy\u00ean her\u00ee gir\u00eeng...","og_url":"https:\/\/saknews.net\/ku\/?p=2764","og_site_name":"\u015eAK","article_publisher":"https:\/\/www.facebook.com\/Shepel.ewropa","article_published_time":"2026-04-22T16:31:35+00:00","og_image":[{"width":1280,"height":893,"url":"https:\/\/saknews.net\/ku\/wp-content\/uploads\/2026\/04\/IMG-20260422-WA0062.jpg","type":"image\/jpeg"}],"author":"Horan Hem","twitter_card":"summary_large_image","twitter_misc":{"Written by":"Horan Hem","Est. reading time":"3 minutes"},"schema":{"@context":"https:\/\/schema.org","@graph":[{"@type":"Article","@id":"https:\/\/saknews.net\/ku\/?p=2764#article","isPartOf":{"@id":"https:\/\/saknews.net\/ku\/?p=2764"},"author":{"name":"Horan Hem","@id":"https:\/\/saknews.net\/ku\/#\/schema\/person\/72ae32a4041a3817e015b63d8f409058"},"headline":"Daxuyan\u00eeyek bi boneya Roja Rojnamegeriya Kurd\u00ee","datePublished":"2026-04-22T16:31:35+00:00","mainEntityOfPage":{"@id":"https:\/\/saknews.net\/ku\/?p=2764"},"wordCount":637,"publisher":{"@id":"https:\/\/saknews.net\/ku\/#organization"},"image":{"@id":"https:\/\/saknews.net\/ku\/?p=2764#primaryimage"},"thumbnailUrl":"https:\/\/i0.wp.com\/saknews.net\/ku\/wp-content\/uploads\/2026\/04\/IMG-20260422-WA0062.jpg?fit=1280%2C893&ssl=1","articleSection":["Daxuyan\u00ee"],"inLanguage":"en-US"},{"@type":"WebPage","@id":"https:\/\/saknews.net\/ku\/?p=2764","url":"https:\/\/saknews.net\/ku\/?p=2764","name":"Daxuyan\u00eeyek bi boneya Roja Rojnamegeriya Kurd\u00ee &#8226; \u015eAK","isPartOf":{"@id":"https:\/\/saknews.net\/ku\/#website"},"primaryImageOfPage":{"@id":"https:\/\/saknews.net\/ku\/?p=2764#primaryimage"},"image":{"@id":"https:\/\/saknews.net\/ku\/?p=2764#primaryimage"},"thumbnailUrl":"https:\/\/i0.wp.com\/saknews.net\/ku\/wp-content\/uploads\/2026\/04\/IMG-20260422-WA0062.jpg?fit=1280%2C893&ssl=1","datePublished":"2026-04-22T16:31:35+00:00","breadcrumb":{"@id":"https:\/\/saknews.net\/ku\/?p=2764#breadcrumb"},"inLanguage":"en-US","potentialAction":[{"@type":"ReadAction","target":["https:\/\/saknews.net\/ku\/?p=2764"]}]},{"@type":"ImageObject","inLanguage":"en-US","@id":"https:\/\/saknews.net\/ku\/?p=2764#primaryimage","url":"https:\/\/i0.wp.com\/saknews.net\/ku\/wp-content\/uploads\/2026\/04\/IMG-20260422-WA0062.jpg?fit=1280%2C893&ssl=1","contentUrl":"https:\/\/i0.wp.com\/saknews.net\/ku\/wp-content\/uploads\/2026\/04\/IMG-20260422-WA0062.jpg?fit=1280%2C893&ssl=1","width":1280,"height":893},{"@type":"BreadcrumbList","@id":"https:\/\/saknews.net\/ku\/?p=2764#breadcrumb","itemListElement":[{"@type":"ListItem","position":1,"name":"\u0627\u0644\u0631\u0626\u064a\u0633\u064a\u0629","item":"https:\/\/saknews.net\/ku\/"},{"@type":"ListItem","position":2,"name":"N\u00fb\u00e7e","item":"https:\/\/saknews.net\/ku\/?cat=49"},{"@type":"ListItem","position":3,"name":"Daxuyan\u00ee","item":"https:\/\/saknews.net\/ku\/?cat=34"},{"@type":"ListItem","position":4,"name":"Daxuyan\u00eeyek bi boneya Roja Rojnamegeriya Kurd\u00ee"}]},{"@type":"WebSite","@id":"https:\/\/saknews.net\/ku\/#website","url":"https:\/\/saknews.net\/ku\/","name":"S\u0327epe\u0302la Azadi\u0302 ya Kurdistani\u0302","description":"\u062a\u064a\u0627\u0631 \u0627\u0644\u062d\u0631\u064a\u0629 \u0627\u0644\u0643\u0648\u0631\u062f\u0633\u062a\u0627\u0646\u064a \u015eep\u00eala Azad\u00ee ya Kurdistan\u00ee","publisher":{"@id":"https:\/\/saknews.net\/ku\/#organization"},"potentialAction":[{"@type":"SearchAction","target":{"@type":"EntryPoint","urlTemplate":"https:\/\/saknews.net\/ku\/?s={search_term_string}"},"query-input":{"@type":"PropertyValueSpecification","valueRequired":true,"valueName":"search_term_string"}}],"inLanguage":"en-US"},{"@type":"Organization","@id":"https:\/\/saknews.net\/ku\/#organization","name":"\u015eep\u00eala Azadiy\u00ea ya Kurdistan\u00ea - \u062a\u064a\u0627\u0631 \u0627\u0644\u062d\u0631\u064a\u0629 \u0627\u0644\u0643\u0648\u0631\u062f\u0633\u062a\u0627\u0646\u064a","url":"https:\/\/saknews.net\/ku\/","logo":{"@type":"ImageObject","inLanguage":"en-US","@id":"https:\/\/saknews.net\/ku\/#\/schema\/logo\/image\/","url":"https:\/\/i0.wp.com\/saknews.net\/ku\/wp-content\/uploads\/2024\/11\/cropped-logo-1.png?fit=512%2C512&ssl=1","contentUrl":"https:\/\/i0.wp.com\/saknews.net\/ku\/wp-content\/uploads\/2024\/11\/cropped-logo-1.png?fit=512%2C512&ssl=1","width":512,"height":512,"caption":"\u015eep\u00eala Azadiy\u00ea ya Kurdistan\u00ea - \u062a\u064a\u0627\u0631 \u0627\u0644\u062d\u0631\u064a\u0629 \u0627\u0644\u0643\u0648\u0631\u062f\u0633\u062a\u0627\u0646\u064a"},"image":{"@id":"https:\/\/saknews.net\/ku\/#\/schema\/logo\/image\/"},"sameAs":["https:\/\/www.facebook.com\/Shepel.ewropa"]},{"@type":"Person","@id":"https:\/\/saknews.net\/ku\/#\/schema\/person\/72ae32a4041a3817e015b63d8f409058","name":"Horan Hem","url":"https:\/\/saknews.net\/ku\/?author=8"}]}},"featured_image_urls":{"full":["https:\/\/i0.wp.com\/saknews.net\/ku\/wp-content\/uploads\/2026\/04\/IMG-20260422-WA0062.jpg?fit=1280%2C893&ssl=1",1280,893,false],"thumbnail":["https:\/\/i0.wp.com\/saknews.net\/ku\/wp-content\/uploads\/2026\/04\/IMG-20260422-WA0062.jpg?resize=150%2C150&ssl=1",150,150,true],"medium":["https:\/\/i0.wp.com\/saknews.net\/ku\/wp-content\/uploads\/2026\/04\/IMG-20260422-WA0062.jpg?fit=300%2C209&ssl=1",300,209,true],"medium_large":["https:\/\/i0.wp.com\/saknews.net\/ku\/wp-content\/uploads\/2026\/04\/IMG-20260422-WA0062.jpg?fit=640%2C447&ssl=1",640,447,true],"large":["https:\/\/i0.wp.com\/saknews.net\/ku\/wp-content\/uploads\/2026\/04\/IMG-20260422-WA0062.jpg?fit=640%2C446&ssl=1",640,446,true],"1536x1536":["https:\/\/i0.wp.com\/saknews.net\/ku\/wp-content\/uploads\/2026\/04\/IMG-20260422-WA0062.jpg?fit=1280%2C893&ssl=1",1280,893,true],"2048x2048":["https:\/\/i0.wp.com\/saknews.net\/ku\/wp-content\/uploads\/2026\/04\/IMG-20260422-WA0062.jpg?fit=1280%2C893&ssl=1",1280,893,true],"covernews-featured":["https:\/\/i0.wp.com\/saknews.net\/ku\/wp-content\/uploads\/2026\/04\/IMG-20260422-WA0062.jpg?fit=1024%2C714&ssl=1",1024,714,true],"covernews-medium":["https:\/\/i0.wp.com\/saknews.net\/ku\/wp-content\/uploads\/2026\/04\/IMG-20260422-WA0062.jpg?resize=540%2C340&ssl=1",540,340,true]},"author_info":{"display_name":"Horan Hem","author_link":"https:\/\/saknews.net\/ku\/?author=8"},"category_info":"<a href=\"https:\/\/saknews.net\/ku\/?cat=34\" rel=\"category\">Daxuyan\u00ee<\/a>","tag_info":"Daxuyan\u00ee","comment_count":"0","_links":{"self":[{"href":"https:\/\/saknews.net\/ku\/index.php?rest_route=\/wp\/v2\/posts\/2764","targetHints":{"allow":["GET"]}}],"collection":[{"href":"https:\/\/saknews.net\/ku\/index.php?rest_route=\/wp\/v2\/posts"}],"about":[{"href":"https:\/\/saknews.net\/ku\/index.php?rest_route=\/wp\/v2\/types\/post"}],"author":[{"embeddable":true,"href":"https:\/\/saknews.net\/ku\/index.php?rest_route=\/wp\/v2\/users\/8"}],"replies":[{"embeddable":true,"href":"https:\/\/saknews.net\/ku\/index.php?rest_route=%2Fwp%2Fv2%2Fcomments&post=2764"}],"version-history":[{"count":1,"href":"https:\/\/saknews.net\/ku\/index.php?rest_route=\/wp\/v2\/posts\/2764\/revisions"}],"predecessor-version":[{"id":2766,"href":"https:\/\/saknews.net\/ku\/index.php?rest_route=\/wp\/v2\/posts\/2764\/revisions\/2766"}],"wp:featuredmedia":[{"embeddable":true,"href":"https:\/\/saknews.net\/ku\/index.php?rest_route=\/wp\/v2\/media\/2765"}],"wp:attachment":[{"href":"https:\/\/saknews.net\/ku\/index.php?rest_route=%2Fwp%2Fv2%2Fmedia&parent=2764"}],"wp:term":[{"taxonomy":"category","embeddable":true,"href":"https:\/\/saknews.net\/ku\/index.php?rest_route=%2Fwp%2Fv2%2Fcategories&post=2764"},{"taxonomy":"post_tag","embeddable":true,"href":"https:\/\/saknews.net\/ku\/index.php?rest_route=%2Fwp%2Fv2%2Ftags&post=2764"}],"curies":[{"name":"wp","href":"https:\/\/api.w.org\/{rel}","templated":true}]}}